{"id":47634,"date":"2024-10-12T23:45:15","date_gmt":"2024-10-12T23:45:15","guid":{"rendered":"https:\/\/tvbrazilusa.com\/2024\/10\/12\/pacheco-diz-que-pec-das-decisoes-monocraticas-nao-e-retaliacao-ao-stf\/"},"modified":"2024-10-12T23:45:16","modified_gmt":"2024-10-12T23:45:16","slug":"pacheco-diz-que-pec-das-decisoes-monocraticas-nao-e-retaliacao-ao-stf","status":"publish","type":"post","link":"https:\/\/tvbrazilusa.com\/pt\/2024\/10\/12\/pacheco-diz-que-pec-das-decisoes-monocraticas-nao-e-retaliacao-ao-stf\/","title":{"rendered":"Pacheco diz que PEC das decis\u00f5es monocr\u00e1ticas n\u00e3o \u00e9 retalia\u00e7\u00e3o ao STF"},"content":{"rendered":"<p> <script async src=\"https:\/\/pagead2.googlesyndication.com\/pagead\/js\/adsbygoogle.js?client=ca-pub-8864793242727901\"\r\n     crossorigin=\"anonymous\"><\/script><br \/>\n<\/p>\n<div id=\"taboola-read-more\" style=\"display:block; width:100%\">\n<p>O presidente do Senado, Rodrigo Pacheco (PSD-MG), afirmou que a Proposta de Emenda \u00e0 Constitui\u00e7\u00e3o (PEC) que limita as decis\u00f5es monocr\u00e1ticas de ministros do Supremo Tribunal Federal (STF) n\u00e3o \u00e9 um meio de confronto \u00e0 Corte.\n<\/p>\n<p>\u201cEla est\u00e1 longe de ser qualquer tipo de revanchismo, de retalia\u00e7\u00e3o ou de afronta ao Supremo Tribunal Federal ou ao Poder Judici\u00e1rio. Eu n\u00e3o me permitiria isso, eu tenho plena no\u00e7\u00e3o da import\u00e2ncia do Poder Judici\u00e1rio, da import\u00e2ncia do Supremo Tribunal Federal, inclusive na consolida\u00e7\u00e3o da nossa democracia\u201d, disse a jornalistas ap\u00f3s participar do II F\u00f3rum Esfera Internacional em Roma, na It\u00e1lia, neste s\u00e1bado (12).<\/p>\n<p>Pacheco defendeu que a constitucionalidade de uma lei que passa pelo Congresso e \u00e9 sancionada pela presid\u00eancia da Rep\u00fablica n\u00e3o pode ser definida por um \u00fanico ministro em uma decis\u00e3o monocr\u00e1tica. Para ele, \u00e9 necess\u00e1rio a participa\u00e7\u00e3o de todo o STF.\n<\/p>\n<p>\u201cA for\u00e7a do Supremo Tribunal Federal est\u00e1 na sua colegialidade e n\u00e3o na sua individualidade\u201d, pontuou.\n<\/p>\n<p>Sobre a proposta de revis\u00f5es de decis\u00f5es do STF pelo Congresso, o senador comentou que considera a possibilidade inconstitucional.\n<\/p>\n<p>\u201cA palavra final sobre a constitucionalidade ou inconstitucionalidade de uma lei num pa\u00eds democr\u00e1tico e de estado de direito \u00e9 do Supremo Tribunal Federal. Isso n\u00f3s n\u00e3o discutimos e n\u00e3o questionamos\u201d, finaliza.\n<\/p>\n<p>Na \u00faltima quarta-feira (9), a Comiss\u00e3o de Constitui\u00e7\u00e3o e Justi\u00e7a (CCJ) da C\u00e2mara dos Deputados aprovou a proposta que limita decis\u00f5es monocr\u00e1ticas de ministros da Suprema Corte. O texto deve agora ser analisado por uma comiss\u00e3o especial antes de ir a plen\u00e1rio.\n<\/p>\n<p><strong>CNN Brasil<\/strong> <\/p>\n<\/div>\n<p><br \/>\n<br \/><a href=\"https:\/\/diariodobrasilnoticias.com.br\/noticia\/pacheco-diz-que-pec-das-decisoes-monocraticas-nao-e-retaliacao-ao-stf-670ac2459d9b4\">Source link <\/a><\/p>","protected":false},"excerpt":{"rendered":"<p>O presidente do Senado, Rodrigo Pacheco (PSD-MG), afirmou que a Proposta de Emenda \u00e0 Constitui\u00e7\u00e3o (PEC) que limita as decis\u00f5es monocr\u00e1ticas de ministros do Supremo Tribunal Federal (STF) n\u00e3o \u00e9&hellip;<\/p>","protected":false},"author":1,"featured_media":47635,"comment_status":"closed","ping_status":"open","sticky":false,"template":"","format":"standard","meta":{"content-type":"","footnotes":""},"categories":[16],"tags":[123,2448,5313,1267],"class_list":["post-47634","post","type-post","status-publish","format-standard","has-post-thumbnail","hentry","category-noticias","tag-brasil","tag-diario","tag-noticia","tag-noticias"],"_links":{"self":[{"href":"https:\/\/tvbrazilusa.com\/pt\/wp-json\/wp\/v2\/posts\/47634","targetHints":{"allow":["GET"]}}],"collection":[{"href":"https:\/\/tvbrazilusa.com\/pt\/wp-json\/wp\/v2\/posts"}],"about":[{"href":"https:\/\/tvbrazilusa.com\/pt\/wp-json\/wp\/v2\/types\/post"}],"author":[{"embeddable":true,"href":"https:\/\/tvbrazilusa.com\/pt\/wp-json\/wp\/v2\/users\/1"}],"replies":[{"embeddable":true,"href":"https:\/\/tvbrazilusa.com\/pt\/wp-json\/wp\/v2\/comments?post=47634"}],"version-history":[{"count":1,"href":"https:\/\/tvbrazilusa.com\/pt\/wp-json\/wp\/v2\/posts\/47634\/revisions"}],"predecessor-version":[{"id":47636,"href":"https:\/\/tvbrazilusa.com\/pt\/wp-json\/wp\/v2\/posts\/47634\/revisions\/47636"}],"wp:featuredmedia":[{"embeddable":true,"href":"https:\/\/tvbrazilusa.com\/pt\/wp-json\/wp\/v2\/media\/47635"}],"wp:attachment":[{"href":"https:\/\/tvbrazilusa.com\/pt\/wp-json\/wp\/v2\/media?parent=47634"}],"wp:term":[{"taxonomy":"category","embeddable":true,"href":"https:\/\/tvbrazilusa.com\/pt\/wp-json\/wp\/v2\/categories?post=47634"},{"taxonomy":"post_tag","embeddable":true,"href":"https:\/\/tvbrazilusa.com\/pt\/wp-json\/wp\/v2\/tags?post=47634"}],"curies":[{"name":"wp","href":"https:\/\/api.w.org\/{rel}","templated":true}]}}