{"id":47646,"date":"2024-10-13T00:47:27","date_gmt":"2024-10-13T00:47:27","guid":{"rendered":"https:\/\/tvbrazilusa.com\/2024\/10\/13\/homem-morre-e-2-sao-presos-por-roubo-de-carro-da-equipe-de-lula\/"},"modified":"2024-10-13T00:47:28","modified_gmt":"2024-10-13T00:47:28","slug":"homem-morre-e-2-sao-presos-por-roubo-de-carro-da-equipe-de-lula","status":"publish","type":"post","link":"https:\/\/tvbrazilusa.com\/pt\/2024\/10\/13\/homem-morre-e-2-sao-presos-por-roubo-de-carro-da-equipe-de-lula\/","title":{"rendered":"Homem morre e 2 s\u00e3o presos por roubo de carro da equipe de Lula"},"content":{"rendered":"<p> <script async src=\"https:\/\/pagead2.googlesyndication.com\/pagead\/js\/adsbygoogle.js?client=ca-pub-8864793242727901\"\r\n     crossorigin=\"anonymous\"><\/script><br \/>\n<\/p>\n<div id=\"taboola-read-more\" style=\"display:block; width:100%\">\n<p>Nesta sexta-feira (11), a Pol\u00edcia Civil prendeu dois homens acusados de roubar o carro de uma equipe do Gabinete de Seguran\u00e7a Institucional (GSI) da Presid\u00eancia da Rep\u00fablica, em S\u00e3o Bernardo do Campo, na Grande S\u00e3o Paulo. Um terceiro homem envolvido no roubo, Paulo Victor Alves Ferreira, foi morto por policiais no bairro Assun\u00e7\u00e3o, tamb\u00e9m no ABC Paulista.\n<\/p>\n<p data-_get-element-size=\"{\"w\":364,\"h\":105}\">A dupla detida foi identificada como Ricardo Figueiredo da Silva e Matheus Rodrigues da Silva.<\/p>\n<p data-_get-element-size=\"{\"w\":364,\"h\":105}\">O <a href=\"https:\/\/pleno.news\/brasil\/politica-nacional\/carro-usado-pelo-gabinete-de-seguranca-de-lula-e-roubado.html\" target=\"_blank\" rel=\"noopener noreferrer\">crime<\/a> aconteceu no \u00faltimo dia 4. Na ocasi\u00e3o, a motorista do ve\u00edculo foi rendida pelos criminosos.\n<\/p>\n<p data-_get-element-size=\"{\"w\":364,\"h\":140}\">A equipe de seguran\u00e7a de Lula (PT) estava a trabalho na Escola Estadual Jo\u00e3o Firmino Correia de Ara\u00fajo, por ser o local de vota\u00e7\u00e3o do petista.<br \/>Horas ap\u00f3s o crime, o autom\u00f3vel foi <a href=\"https:\/\/pleno.news\/brasil\/politica-nacional\/carro-roubado-da-equipe-de-lula-em-sao-paulo-e-recuperado.html\" target=\"_blank\" rel=\"noopener noreferrer\">encontrado<\/a> no estacionamento de um supermercado na Avenida Jo\u00e3o Firmino, tamb\u00e9m em S\u00e3o Bernardo. As informa\u00e7\u00f5es s\u00e3o do G1 e do Estad\u00e3o.<\/p>\n<p data-_get-element-size=\"{\"w\":364,\"h\":140}\">\u00a0 <\/p>\n<\/div>\n<p><br \/>\n<br \/><a href=\"https:\/\/diariodobrasilnoticias.com.br\/noticia\/homem-morre-e-2-sao-presos-por-roubo-de-carro-da-equipe-de-lula-670ae591802c0\">Source link <\/a><\/p>","protected":false},"excerpt":{"rendered":"<p>Nesta sexta-feira (11), a Pol\u00edcia Civil prendeu dois homens acusados de roubar o carro de uma equipe do Gabinete de Seguran\u00e7a Institucional (GSI) da Presid\u00eancia da Rep\u00fablica, em S\u00e3o Bernardo&hellip;<\/p>","protected":false},"author":1,"featured_media":47647,"comment_status":"closed","ping_status":"open","sticky":false,"template":"","format":"standard","meta":{"content-type":"","footnotes":""},"categories":[16],"tags":[123,2448,5313,1267],"class_list":["post-47646","post","type-post","status-publish","format-standard","has-post-thumbnail","hentry","category-noticias","tag-brasil","tag-diario","tag-noticia","tag-noticias"],"_links":{"self":[{"href":"https:\/\/tvbrazilusa.com\/pt\/wp-json\/wp\/v2\/posts\/47646","targetHints":{"allow":["GET"]}}],"collection":[{"href":"https:\/\/tvbrazilusa.com\/pt\/wp-json\/wp\/v2\/posts"}],"about":[{"href":"https:\/\/tvbrazilusa.com\/pt\/wp-json\/wp\/v2\/types\/post"}],"author":[{"embeddable":true,"href":"https:\/\/tvbrazilusa.com\/pt\/wp-json\/wp\/v2\/users\/1"}],"replies":[{"embeddable":true,"href":"https:\/\/tvbrazilusa.com\/pt\/wp-json\/wp\/v2\/comments?post=47646"}],"version-history":[{"count":1,"href":"https:\/\/tvbrazilusa.com\/pt\/wp-json\/wp\/v2\/posts\/47646\/revisions"}],"predecessor-version":[{"id":47648,"href":"https:\/\/tvbrazilusa.com\/pt\/wp-json\/wp\/v2\/posts\/47646\/revisions\/47648"}],"wp:featuredmedia":[{"embeddable":true,"href":"https:\/\/tvbrazilusa.com\/pt\/wp-json\/wp\/v2\/media\/47647"}],"wp:attachment":[{"href":"https:\/\/tvbrazilusa.com\/pt\/wp-json\/wp\/v2\/media?parent=47646"}],"wp:term":[{"taxonomy":"category","embeddable":true,"href":"https:\/\/tvbrazilusa.com\/pt\/wp-json\/wp\/v2\/categories?post=47646"},{"taxonomy":"post_tag","embeddable":true,"href":"https:\/\/tvbrazilusa.com\/pt\/wp-json\/wp\/v2\/tags?post=47646"}],"curies":[{"name":"wp","href":"https:\/\/api.w.org\/{rel}","templated":true}]}}