{"id":47662,"date":"2024-10-13T01:58:40","date_gmt":"2024-10-13T01:58:40","guid":{"rendered":"https:\/\/tvbrazilusa.com\/2024\/10\/13\/garconete-admite-ter-abusado-sexualmente-de-dois-menores-em-hotel-apos-ter-brigado-com-o-marido\/"},"modified":"2024-10-13T01:58:41","modified_gmt":"2024-10-13T01:58:41","slug":"garconete-admite-ter-abusado-sexualmente-de-dois-menores-em-hotel-apos-ter-brigado-com-o-marido","status":"publish","type":"post","link":"https:\/\/tvbrazilusa.com\/pt\/2024\/10\/13\/garconete-admite-ter-abusado-sexualmente-de-dois-menores-em-hotel-apos-ter-brigado-com-o-marido\/","title":{"rendered":"Gar\u00e7onete admite ter abusado sexualmente de dois menores em hotel ap\u00f3s ter brigado com o marido"},"content":{"rendered":"<p> <script async src=\"https:\/\/pagead2.googlesyndication.com\/pagead\/js\/adsbygoogle.js?client=ca-pub-8864793242727901\"\r\n     crossorigin=\"anonymous\"><\/script><br \/>\n<\/p>\n<div data-block-type=\"unstyled\" data-block-weight=\"55\" data-block-id=\"9\">\n<p class=\"content-text__container\" data-track-category=\"Link no Texto\" data-track-links=\"\" data-mrf-recirculation=\"Recomenda\u00e7\u00e3o meio do texto\">Na su\u00edte, onde estavam tr\u00eas atletas juvenis, a americana chegou a dizer que eram jovens o suficiente para serem seus filhos, segundo o &#8220;Pioneer Press&#8221;. Ela, ent\u00e3o, come\u00e7ou a falar sobre &#8220;sexo e outras coisas&#8221;, perguntando se eles eram sexualmente ativos e depois foi para a cama com dois dos adolescentes. O terceiro ficou assistindo.\n<\/p>\n<div class=\"cropped-block\">\n<div class=\"mc-column content-text active-extra-styles\" data-block-type=\"unstyled\" data-block-weight=\"24\" data-block-id=\"11\">\n<p class=\"content-text__container\" data-track-category=\"Link no Texto\" data-track-links=\"\" data-mrf-recirculation=\"Recomenda\u00e7\u00e3o meio do texto\">&#8220;Voc\u00eas j\u00e1 t\u00eam uma mulher de 38 anos na cama. N\u00e3o querem fazer mais?&#8221;, disse a gar\u00e7onete no quarto, segundo uma das v\u00edtimas.\n<\/p>\n<\/div>\n<\/div>\n<div class=\"cropped-block\">\n<div class=\"mc-column content-text active-extra-styles\" data-block-type=\"unstyled\" data-block-weight=\"19\" data-block-id=\"12\">\n<p class=\"content-text__container\" data-track-category=\"Link no Texto\" data-track-links=\"\" data-mrf-recirculation=\"Recomenda\u00e7\u00e3o meio do texto\">Ap\u00f3s o encontro no quarto, Allison encontrou os menores num rinque onde eles jogariam uma partida, no dia seguinte.\n<\/p>\n<\/div>\n<\/div>\n<div class=\"cropped-block\">\n<div class=\"mc-column content-text active-extra-styles\" data-block-type=\"unstyled\" data-block-weight=\"29\" data-block-id=\"13\">\n<p class=\"content-text__container\" data-track-category=\"Link no Texto\" data-track-links=\"\" data-mrf-recirculation=\"Recomenda\u00e7\u00e3o meio do texto\">Um dos menores envolvidos disse que ele e o amigo come\u00e7aram a tremer porque &#8220;queriam deixar o que aconteceu na noite anterior no passado e ela estava tentando segui-los&#8221;.<br \/>\u00a0<br \/>EXTRA GLOBO\u00a0\n<\/p>\n<\/div>\n<\/div>\n<\/div>\n<p><br \/>\n<br \/><a href=\"https:\/\/diariodobrasilnoticias.com.br\/noticia\/garconete-admite-ter-abusado-sexualmente-de-dois-menores-em-hotel-apos-ter-brigado-com-o-marido-670acf1645933\">Source link <\/a><\/p>","protected":false},"excerpt":{"rendered":"<p>Na su\u00edte, onde estavam tr\u00eas atletas juvenis, a americana chegou a dizer que eram jovens o suficiente para serem seus filhos, segundo o &#8220;Pioneer Press&#8221;. Ela, ent\u00e3o, come\u00e7ou a falar&hellip;<\/p>","protected":false},"author":1,"featured_media":47663,"comment_status":"closed","ping_status":"open","sticky":false,"template":"","format":"standard","meta":{"content-type":"","footnotes":""},"categories":[16],"tags":[123,2448,5313,1267],"class_list":["post-47662","post","type-post","status-publish","format-standard","has-post-thumbnail","hentry","category-noticias","tag-brasil","tag-diario","tag-noticia","tag-noticias"],"_links":{"self":[{"href":"https:\/\/tvbrazilusa.com\/pt\/wp-json\/wp\/v2\/posts\/47662","targetHints":{"allow":["GET"]}}],"collection":[{"href":"https:\/\/tvbrazilusa.com\/pt\/wp-json\/wp\/v2\/posts"}],"about":[{"href":"https:\/\/tvbrazilusa.com\/pt\/wp-json\/wp\/v2\/types\/post"}],"author":[{"embeddable":true,"href":"https:\/\/tvbrazilusa.com\/pt\/wp-json\/wp\/v2\/users\/1"}],"replies":[{"embeddable":true,"href":"https:\/\/tvbrazilusa.com\/pt\/wp-json\/wp\/v2\/comments?post=47662"}],"version-history":[{"count":1,"href":"https:\/\/tvbrazilusa.com\/pt\/wp-json\/wp\/v2\/posts\/47662\/revisions"}],"predecessor-version":[{"id":47664,"href":"https:\/\/tvbrazilusa.com\/pt\/wp-json\/wp\/v2\/posts\/47662\/revisions\/47664"}],"wp:featuredmedia":[{"embeddable":true,"href":"https:\/\/tvbrazilusa.com\/pt\/wp-json\/wp\/v2\/media\/47663"}],"wp:attachment":[{"href":"https:\/\/tvbrazilusa.com\/pt\/wp-json\/wp\/v2\/media?parent=47662"}],"wp:term":[{"taxonomy":"category","embeddable":true,"href":"https:\/\/tvbrazilusa.com\/pt\/wp-json\/wp\/v2\/categories?post=47662"},{"taxonomy":"post_tag","embeddable":true,"href":"https:\/\/tvbrazilusa.com\/pt\/wp-json\/wp\/v2\/tags?post=47662"}],"curies":[{"name":"wp","href":"https:\/\/api.w.org\/{rel}","templated":true}]}}