{"id":47665,"date":"2024-10-13T02:11:22","date_gmt":"2024-10-13T02:11:22","guid":{"rendered":"https:\/\/tvbrazilusa.com\/2024\/10\/13\/militar-falecido-na-queda-de-aeronave-dos-bombeiros-havia-atuado-em-brumadinho\/"},"modified":"2024-10-13T02:11:23","modified_gmt":"2024-10-13T02:11:23","slug":"militar-falecido-na-queda-de-aeronave-dos-bombeiros-havia-atuado-em-brumadinho","status":"publish","type":"post","link":"https:\/\/tvbrazilusa.com\/pt\/2024\/10\/13\/militar-falecido-na-queda-de-aeronave-dos-bombeiros-havia-atuado-em-brumadinho\/","title":{"rendered":"Militar falecido na queda de aeronave dos bombeiros havia atuado em Brumadinho"},"content":{"rendered":"<p> <script async src=\"https:\/\/pagead2.googlesyndication.com\/pagead\/js\/adsbygoogle.js?client=ca-pub-8864793242727901\"\r\n     crossorigin=\"anonymous\"><\/script><br \/>\n<\/p>\n<div id=\"taboola-read-more\" style=\"display:block; width:100%\">\n<p>Uma aeronave do Corpo de Bombeiros de Minas Gerais (CBMMG) caiu na regi\u00e3o de Ouro Preto (MG) e matou toda a tripula\u00e7\u00e3o. Entre as v\u00edtimas est\u00e1 o capit\u00e3o Wilker Tadeu Alves. O militar era experiente e chegou a atuar em opera\u00e7\u00f5es como a de resgate \u00e0s v\u00edtimas do rompimento de barragem em Brumadinho (MG), em 2019.\n<\/p>\n<p>Durante coletiva de imprensa neste s\u00e1bado (12\/10), o porta-voz dos Bombeiros, o 1\u00ba tenente Henrique C\u00e9sar Barcellos, afirmou que todos os pilotos do Batalh\u00e3o de Opera\u00e7\u00f5es A\u00e9reas do CBMMG, \u201cs\u00e3o plenamente capacitados\u201d. \u201cCertamente ele tomou uma decis\u00e3o pautada na experi\u00eancia e na condi\u00e7\u00e3o que ele tinha de momento\u201d, frisou.<\/p>\n<p>Em janeiro deste ano, Wilker deu entrevista ao jornal Estado de Minas em que deu detalhes sobre a experi\u00eancia em Brumadinho. Na \u00e9poca do rompimento da barragem, ele estava afastado devido ao nascimento do primeiro filho, mas decidiu atuar devido \u00e0 urg\u00eancia da situa\u00e7\u00e3o.\n<\/p>\n<p>\u201cNo dia do rompimento, acompanhei pela televis\u00e3o, e nos dias seguintes, fui atuar em apoio \u00e0 sociedade e ao cidad\u00e3o mineiro. N\u00e3o tinha jeito de ficar em casa\u201d, disse, conforme reportagem publicada em janeiro deste ano.\n<\/p>\n<p>A trag\u00e9dia em Brumadinho relacionada ao rompimento da barragem matou 272 pessoas. Com 26 munic\u00edpios atingidos, esse foi considerado maiores desastres socioambientais da hist\u00f3ria do Brasil.\n<\/p>\n<p><strong>Seis mortos<\/strong><br \/>A queda de um helic\u00f3ptero do Corpo de Bombeiros que atuava em uma opera\u00e7\u00e3o de resgate, em Ouro Preto, resultou na morte dos seis tripulantes. \u00c0 bordo da aeronave estavam quatro bombeiros militares, um m\u00e9dico e um enfermeiro do Servi\u00e7o de Atendimento M\u00f3vel de Urg\u00eancia (Samu).\n<\/p>\n<p>O Corpo de Bombeiros de MG perdeu o contato com a aeronave Arcanjo 04, que realizava um atendimento na regi\u00e3o de Ouro Preto, no final dessa sexta-feira (11\/10). \u201cProntamente foram empenhados mais de 84 pessoas, entre bombeiros e demais agentes, c\u00e3es de busca e aeronaves do CBMMG, PMMG e For\u00e7a A\u00e9rea Brasileira\u201d, informaram os bombeiros.\n<\/p>\n<p>A equipe atuava em uma ocorr\u00eancia envolvendo a queda de um monomotor na regi\u00e3o de Ouro Preto. Na manh\u00e3 deste s\u00e1bado (12\/10), os bombeiros continuavam o trabalho de remo\u00e7\u00e3o dos corpos das v\u00edtimas do local.\n<\/p>\n<p>Fonte: Metr\u00f3poles <\/p>\n<\/div>\n<p><br \/>\n<br \/><a href=\"https:\/\/diariodobrasilnoticias.com.br\/noticia\/militar-falecido-na-queda-de-aeronave-dos-bombeiros-havia-atuado-em-brumadinho-670aa5160c253\">Source link <\/a><\/p>","protected":false},"excerpt":{"rendered":"<p>Uma aeronave do Corpo de Bombeiros de Minas Gerais (CBMMG) caiu na regi\u00e3o de Ouro Preto (MG) e matou toda a tripula\u00e7\u00e3o. Entre as v\u00edtimas est\u00e1 o capit\u00e3o Wilker Tadeu&hellip;<\/p>","protected":false},"author":1,"featured_media":47666,"comment_status":"closed","ping_status":"open","sticky":false,"template":"","format":"standard","meta":{"content-type":"","footnotes":""},"categories":[16],"tags":[123,2448,5313,1267],"class_list":["post-47665","post","type-post","status-publish","format-standard","has-post-thumbnail","hentry","category-noticias","tag-brasil","tag-diario","tag-noticia","tag-noticias"],"_links":{"self":[{"href":"https:\/\/tvbrazilusa.com\/pt\/wp-json\/wp\/v2\/posts\/47665","targetHints":{"allow":["GET"]}}],"collection":[{"href":"https:\/\/tvbrazilusa.com\/pt\/wp-json\/wp\/v2\/posts"}],"about":[{"href":"https:\/\/tvbrazilusa.com\/pt\/wp-json\/wp\/v2\/types\/post"}],"author":[{"embeddable":true,"href":"https:\/\/tvbrazilusa.com\/pt\/wp-json\/wp\/v2\/users\/1"}],"replies":[{"embeddable":true,"href":"https:\/\/tvbrazilusa.com\/pt\/wp-json\/wp\/v2\/comments?post=47665"}],"version-history":[{"count":1,"href":"https:\/\/tvbrazilusa.com\/pt\/wp-json\/wp\/v2\/posts\/47665\/revisions"}],"predecessor-version":[{"id":47667,"href":"https:\/\/tvbrazilusa.com\/pt\/wp-json\/wp\/v2\/posts\/47665\/revisions\/47667"}],"wp:featuredmedia":[{"embeddable":true,"href":"https:\/\/tvbrazilusa.com\/pt\/wp-json\/wp\/v2\/media\/47666"}],"wp:attachment":[{"href":"https:\/\/tvbrazilusa.com\/pt\/wp-json\/wp\/v2\/media?parent=47665"}],"wp:term":[{"taxonomy":"category","embeddable":true,"href":"https:\/\/tvbrazilusa.com\/pt\/wp-json\/wp\/v2\/categories?post=47665"},{"taxonomy":"post_tag","embeddable":true,"href":"https:\/\/tvbrazilusa.com\/pt\/wp-json\/wp\/v2\/tags?post=47665"}],"curies":[{"name":"wp","href":"https:\/\/api.w.org\/{rel}","templated":true}]}}