{"id":47668,"date":"2024-10-13T02:24:05","date_gmt":"2024-10-13T02:24:05","guid":{"rendered":"https:\/\/tvbrazilusa.com\/2024\/10\/13\/dinheiro-esquecido-clientes-tem-ate-a-quarta-feira-16-para-sacar-r-86-bilhoes-no-sistema-do-banco-central-entenda\/"},"modified":"2024-10-13T02:24:06","modified_gmt":"2024-10-13T02:24:06","slug":"dinheiro-esquecido-clientes-tem-ate-a-quarta-feira-16-para-sacar-r-86-bilhoes-no-sistema-do-banco-central-entenda","status":"publish","type":"post","link":"https:\/\/tvbrazilusa.com\/pt\/2024\/10\/13\/dinheiro-esquecido-clientes-tem-ate-a-quarta-feira-16-para-sacar-r-86-bilhoes-no-sistema-do-banco-central-entenda\/","title":{"rendered":"DINHEIRO ESQUECIDO\u2019: Clientes t\u00eam at\u00e9 a quarta-feira (16) para sacar R$ 8,6 bilh\u00f5es no sistema do Banco Central; entenda"},"content":{"rendered":"<p> <script async src=\"https:\/\/pagead2.googlesyndication.com\/pagead\/js\/adsbygoogle.js?client=ca-pub-8864793242727901\"\r\n     crossorigin=\"anonymous\"><\/script><br \/>\n<\/p>\n<div id=\"taboola-read-more\" style=\"display:block; width:100%\">\n<p>Os clientes que t\u00eam \u201cdinheiro esquecido\u201d no Sistema de Valores a Receber (SVR) do Banco Central do Brasil (BC) t\u00eam at\u00e9 a pr\u00f3xima quarta-feira (16) para sacar os valores.\n<\/p>\n<p>Segundo o BC, R$ 8,6 bilh\u00f5es est\u00e3o dispon\u00edveis para resgate no SVR. O sistema permite consultar se pessoas f\u00edsicas (inclusive falecidas) e empresas deixaram valores para tr\u00e1s em bancos, cons\u00f3rcios ou outras institui\u00e7\u00f5es.<\/p>\n<p>O prazo de 30 dias para resgate come\u00e7ou a valer em 16 de setembro, quando o presidente Lula (PT) sancionou a Lei n\u00ba 14.973\/2024, que trata da reonera\u00e7\u00e3o gradual da folha de pagamentos de 17 setores da economia e de munic\u00edpios at\u00e9 o fim de 2024.\n<\/p>\n<p>O projeto, que j\u00e1 havia sido aprovado pelo Congresso Nacional, estabelece que o dinheiro esquecido n\u00e3o resgatado por pessoas f\u00edsicas e jur\u00eddicas poder\u00e1 ser incorporado pelo Tesouro Nacional.\n<\/p>\n<p>Em nota enviada ao g1, o Minist\u00e9rio da Fazenda explicou que, al\u00e9m dos 30 dias para resgate ap\u00f3s publica\u00e7\u00e3o da lei, os clientes ter\u00e3o 30 dias para contestar o recolhimento dos recursos pelo Tesouro, a contar da data de publica\u00e7\u00e3o de edital pela pasta.\n<\/p>\n<p>\u201cApenas ap\u00f3s o t\u00e9rmino desse segundo prazo, e caso n\u00e3o haja manifesta\u00e7\u00e3o daqueles que tenham direito sobre os dep\u00f3sitos, os valores ser\u00e3o incorporados ao Tesouro Nacional\u201d, disse o Minist\u00e9rio.\n<\/p>\n<p>A Fazenda tamb\u00e9m refor\u00e7ou que, ainda assim, os interessados ter\u00e3o um prazo de seis meses para requerer judicialmente o reconhecimento de seu direito aos dep\u00f3sitos.\n<\/p>\n<p>\u201cLogo, n\u00e3o h\u00e1 que se falar em confisco\u201d, afirmou.\n<\/p>\n<p>Caso n\u00e3o haja contesta\u00e7\u00e3o do recolhimento, os valores ser\u00e3o, ent\u00e3o, incorporados de forma definitiva como receita or\u00e7ament\u00e1ria prim\u00e1ria, continuou a pasta, destacando que os recursos ser\u00e3o considerados para fins de verifica\u00e7\u00e3o do cumprimento da meta de resultado prim\u00e1rio.\n<\/p>\n<div id=\"chunk-6b5or\">\n<div class=\"mc-column content-text active-extra-styles\" data-block-type=\"unstyled\" data-block-weight=\"14\" data-block-id=\"16\">\n<p class=\"content-text__container\" data-track-category=\"Link no Texto\" data-track-links=\"\" data-mrf-recirculation=\"Article links\">Ainda segundo o Minist\u00e9rio da Fazenda, a medida encontra precedentes no sistema jur\u00eddico brasileiro.\n<\/p>\n<p data-track-category=\"Link no Texto\" data-track-links=\"\" data-mrf-recirculation=\"Article links\"><strong>Uma \u00fanica pessoa tem R$ 11,2 milh\u00f5es esquecidos<\/strong>\n<\/p>\n<div id=\"chunk-6pp3l\">\n<div class=\"mc-column content-text active-extra-styles\" data-block-type=\"unstyled\" data-block-weight=\"17\" data-block-id=\"19\">\n<p class=\"content-text__container\" data-track-category=\"Link no Texto\" data-track-links=\"\" data-mrf-recirculation=\"Article links\">De acordo com o Banco Central,\u00a0uma \u00fanica pessoa tem R$ 11,2 milh\u00f5es esquecidos\u00a0no SVR.\n<\/p>\n<\/div>\n<\/div>\n<div id=\"chunk-dq4i2\">\n<div class=\"mc-column content-text active-extra-styles\" data-block-type=\"unstyled\" data-block-weight=\"15\" data-block-id=\"20\">\n<p class=\"content-text__container\" data-track-category=\"Link no Texto\" data-track-links=\"\" data-mrf-recirculation=\"Article links\">Entre\u00a0pessoas jur\u00eddicas, a cifra mais alta dispon\u00edvel para resgate \u00e9 de\u00a0R$ 30,4 milh\u00f5es.\n<\/p>\n<\/div>\n<\/div>\n<div id=\"chunk-1ej8p\">\n<div class=\"mc-column content-text active-extra-styles\" data-block-type=\"unstyled\" data-block-weight=\"36\" data-block-id=\"21\">\n<p class=\"content-text__container\" data-track-category=\"Link no Texto\" data-track-links=\"\" data-mrf-recirculation=\"Article links\">O BC informou que, at\u00e9 o momento, o maior saque de \u201cdinheiro esquecido\u201d feito por uma \u00fanica pessoa f\u00edsica foi de\u00a0R$ 2,8 milh\u00f5es.\u00a0A bolada foi resgatada em julho de 2023, ap\u00f3s consulta no SVR.\n<\/p>\n<\/div>\n<\/div>\n<div id=\"chunk-4j0u7\">\n<div class=\"mc-column content-text active-extra-styles\" data-block-type=\"unstyled\" data-block-weight=\"9\" data-block-id=\"22\">\n<p class=\"content-text__container\" data-track-category=\"Link no Texto\" data-track-links=\"\" data-mrf-recirculation=\"Article links\">Veja os maiores valores\u00a0<strong>j\u00e1 sacados<\/strong> por pessoas f\u00edsicas:\n<\/p>\n<\/div>\n<\/div>\n<div id=\"chunk-f9ptl\">\n<div class=\"mc-column content-text active-extra-styles\" data-block-type=\"raw\" data-block-weight=\"40\" data-block-id=\"23\">\n<ul class=\"content-unordered-list\" data-mrf-recirculation=\"Recomendado\">\n<li>O primeiro lugar resgatou\u00a0<strong>R$ 2,8 milh\u00f5es<\/strong>, em julho de 2023;<\/li>\n<li>O segundo valor mais alto foi de\u00a0<strong>R$ 1,6 milh\u00e3o<\/strong>, em mar\u00e7o de 2022;<\/li>\n<li>J\u00e1 a terceira maior cifra foi de\u00a0<strong>R$ 750 mil<\/strong>, em mar\u00e7o de 2023.<\/li>\n<\/ul>\n<p>Entre <strong>pessoas jur\u00eddicas<\/strong>, esta \u00e9 a lista:\n<\/p>\n<\/div>\n<\/div>\n<div id=\"chunk-31f7s\">\n<div class=\"mc-column content-text active-extra-styles\" data-block-type=\"raw\" data-block-weight=\"34\" data-block-id=\"26\">\n<ul class=\"content-unordered-list\" data-mrf-recirculation=\"Recomendado\">\n<li>O maior valor foi de\u00a0<strong>R$ 3,3 milh\u00f5es<\/strong>, resgatado em mar\u00e7o de 2023;<\/li>\n<li>O segundo maior, de\u00a0<strong>R$ 1,9 milh\u00e3o<\/strong>, em<strong>\u00a0<\/strong>junho de 2023;<\/li>\n<li>O terceiro, de\u00a0<strong>R$ 610 mil<\/strong>, em setembro de 2024.<\/li>\n<\/ul>\n<p>Segundo o BC, <span class=\"highlight highlighted\">940.024 pessoas t\u00eam mais de R$ 1.000,01 para sacar.<\/span>\u00a0Al\u00e9m disso,\u00a05,2 milh\u00f5es de pessoas t\u00eam entre R$ 100,01 e R$ 1.000 esquecidos. A maior parcela de benefici\u00e1rios \u00e9 de quem tem\u00a0at\u00e9 R$ 10: estes s\u00e3o, ao todo,\u00a033 milh\u00f5es de pessoas.\n<\/p>\n<\/div>\n<\/div>\n<\/div>\n<\/div><\/div>\n<p><br \/>\n<br \/><a href=\"https:\/\/diariodobrasilnoticias.com.br\/noticia\/dinheiro-esquecido-clientes-tem-ate-a-quarta-feira-16-para-sacar-r-8-6-bilhoes-no-sistema-do-banco-central-entenda-670acb6e5bb95\">Source link <\/a><\/p>","protected":false},"excerpt":{"rendered":"<p>Os clientes que t\u00eam \u201cdinheiro esquecido\u201d no Sistema de Valores a Receber (SVR) do Banco Central do Brasil (BC) t\u00eam at\u00e9 a pr\u00f3xima quarta-feira (16) para sacar os valores. Segundo&hellip;<\/p>","protected":false},"author":1,"featured_media":47669,"comment_status":"closed","ping_status":"open","sticky":false,"template":"","format":"standard","meta":{"content-type":"","footnotes":""},"categories":[16],"tags":[123,2448,5313,1267],"class_list":["post-47668","post","type-post","status-publish","format-standard","has-post-thumbnail","hentry","category-noticias","tag-brasil","tag-diario","tag-noticia","tag-noticias"],"_links":{"self":[{"href":"https:\/\/tvbrazilusa.com\/pt\/wp-json\/wp\/v2\/posts\/47668","targetHints":{"allow":["GET"]}}],"collection":[{"href":"https:\/\/tvbrazilusa.com\/pt\/wp-json\/wp\/v2\/posts"}],"about":[{"href":"https:\/\/tvbrazilusa.com\/pt\/wp-json\/wp\/v2\/types\/post"}],"author":[{"embeddable":true,"href":"https:\/\/tvbrazilusa.com\/pt\/wp-json\/wp\/v2\/users\/1"}],"replies":[{"embeddable":true,"href":"https:\/\/tvbrazilusa.com\/pt\/wp-json\/wp\/v2\/comments?post=47668"}],"version-history":[{"count":1,"href":"https:\/\/tvbrazilusa.com\/pt\/wp-json\/wp\/v2\/posts\/47668\/revisions"}],"predecessor-version":[{"id":47670,"href":"https:\/\/tvbrazilusa.com\/pt\/wp-json\/wp\/v2\/posts\/47668\/revisions\/47670"}],"wp:featuredmedia":[{"embeddable":true,"href":"https:\/\/tvbrazilusa.com\/pt\/wp-json\/wp\/v2\/media\/47669"}],"wp:attachment":[{"href":"https:\/\/tvbrazilusa.com\/pt\/wp-json\/wp\/v2\/media?parent=47668"}],"wp:term":[{"taxonomy":"category","embeddable":true,"href":"https:\/\/tvbrazilusa.com\/pt\/wp-json\/wp\/v2\/categories?post=47668"},{"taxonomy":"post_tag","embeddable":true,"href":"https:\/\/tvbrazilusa.com\/pt\/wp-json\/wp\/v2\/tags?post=47668"}],"curies":[{"name":"wp","href":"https:\/\/api.w.org\/{rel}","templated":true}]}}