{"id":47704,"date":"2024-10-13T10:51:23","date_gmt":"2024-10-13T10:51:23","guid":{"rendered":"https:\/\/tvbrazilusa.com\/2024\/10\/13\/sao-paulo-tem-mais-imoveis-sem-luz-do-que-a-florida-que-foi-atingida-por-um-furacao\/"},"modified":"2024-10-13T10:51:25","modified_gmt":"2024-10-13T10:51:25","slug":"sao-paulo-tem-mais-imoveis-sem-luz-do-que-a-florida-que-foi-atingida-por-um-furacao","status":"publish","type":"post","link":"https:\/\/tvbrazilusa.com\/pt\/2024\/10\/13\/sao-paulo-tem-mais-imoveis-sem-luz-do-que-a-florida-que-foi-atingida-por-um-furacao\/","title":{"rendered":"S\u00e3o Paulo tem mais im\u00f3veis sem luz do que a Fl\u00f3rida, que foi atingida por um furac\u00e3o"},"content":{"rendered":"<p> <script async src=\"https:\/\/pagead2.googlesyndication.com\/pagead\/js\/adsbygoogle.js?client=ca-pub-8864793242727901\"\r\n     crossorigin=\"anonymous\"><\/script><br \/>\n<\/p>\n<div id=\"taboola-read-more\" style=\"display:block; width:100%\">\n<p>Na tarde deste s\u00e1bado, 12, a cidade de S\u00e3o Paulo tinha mais im\u00f3veis sem energia do que o Estado da Fl\u00f3rida, Estados Unidos, atingido pelo furac\u00e3o Milton. A capital paulista enfrentou uma tempestade na noite da sexta-feira 11.\n<\/p>\n<p>De acordo com a Enel, concession\u00e1ria respons\u00e1vel pela distribui\u00e7\u00e3o de energia, mais de 1,45 milh\u00e3o de pessoas est\u00e3o sem o servi\u00e7o. Na Fl\u00f3rida, cerca de 1,35 milh\u00e3o de residentes permanecem sem luz, conforme o United States Power Outage.<\/p>\n<p>Os temporais que atingiram S\u00e3o Paulo na sexta-feira \u00e0 noite resultaram em sete mortes, causadas pela queda de \u00e1rvores e muros. J\u00e1 a Fl\u00f3rida contabiliza 11 \u00f3bitos desde quarta-feira, 9, em decorr\u00eancia do furac\u00e3o. A situa\u00e7\u00e3o em ambos os locais \u00e9 cr\u00edtica, e os esfor\u00e7os para restabelecer a normalidade continuam.\n<\/p>\n<p>Na capital paulista, os ventos chegaram a 107 km\/h na zona sul, marcando a maior velocidade registrada pela Defesa Civil desde 1995.\n<\/p>\n<h2>Quando vai voltar a luz em S\u00e3o Paulo?<\/h2>\n<figure><picture><source srcset=\"https:\/\/medias.revistaoeste.com\/wp-content\/uploads\/2024\/10\/Chuva-deixa-Sao-Paulo-em-alerta.jpg.webp 457w, https:\/\/medias.revistaoeste.com\/wp-content\/uploads\/2024\/10\/Chuva-deixa-Sao-Paulo-em-alerta-300x235.jpg.webp 300w, https:\/\/medias.revistaoeste.com\/wp-content\/uploads\/2024\/10\/Chuva-deixa-Sao-Paulo-em-alerta-150x118.jpg.webp 150w\" type=\"image\/webp\" data-srcset=\"https:\/\/medias.revistaoeste.com\/wp-content\/uploads\/2024\/10\/Chuva-deixa-Sao-Paulo-em-alerta.jpg.webp 457w, https:\/\/medias.revistaoeste.com\/wp-content\/uploads\/2024\/10\/Chuva-deixa-Sao-Paulo-em-alerta-300x235.jpg.webp 300w, https:\/\/medias.revistaoeste.com\/wp-content\/uploads\/2024\/10\/Chuva-deixa-Sao-Paulo-em-alerta-150x118.jpg.webp 150w\" data-sizes=\"(max-width: 457px) 100vw, 457px\"\/><\/picture><\/figure>\n<p>Em uma coletiva de imprensa, Guilherme Lencastre, presidente da Enel em S\u00e3o Paulo, afirmou que n\u00e3o h\u00e1 previs\u00e3o para o restabelecimento total da energia. Ele destacou que 17 linhas de alta tens\u00e3o foram danificadas pelas tempestades.\n<\/p>\n<p>De acordo com o portal UOL, moradores de mais de 10 bairros da capital paulista reclamam da falta de eletricidade. A lista inclui Sacom\u00e3, Bela Vista, Perdizes, Pinheiros, Ipiranga, Butant\u00e3, Vila S\u00f4nia, Cambuci, Vila Mariana, Cap\u00e3o Redondo, Tatuap\u00e9 e outros. Segundo a Enel, as regi\u00f5es oeste e sul da cidade foram as mais atingidas. Segundo a Enel, os bairros mais afetados pela falta de energia s\u00e3o: Jardim S\u00e3o Luiz, Pedreira, Campo Limpo Jabaquara, Santo Amaro, Ipiranga, Pinheiros e Vila Andrade.\n<\/p>\n<p>Al\u00e9m disso, o problema tamb\u00e9m ocorre em \u00e1reas da regi\u00e3o Metropolitana, como Santo Andr\u00e9, S\u00e3o Bernardo, Diadema, Ribeir\u00e3o Pires, Carapicu\u00edba, Tabo\u00e3o da Serra, Cotia, Osasco e Barueri.\n<\/p>\n<p>A quantidade de moradores paulistas sem o servi\u00e7o de energia el\u00e9trica pode chegar a 2,1 milh\u00f5es. O n\u00famero de 1,6 milh\u00e3o de clientes \u00e9 uma refer\u00eancia aos pontos de instala\u00e7\u00e3o \u2014 e neles, pode existir mais de um residente.\n<\/p>\n<p><strong>Revista Oeste\u00a0<\/strong> <\/p>\n<\/div>\n<p><br \/>\n<br \/><a href=\"https:\/\/diariodobrasilnoticias.com.br\/noticia\/sao-paulo-tem-mais-imoveis-sem-luz-do-que-a-florida-que-foi-atingida-por-um-furacao-670ba4eae419f\">Source link <\/a><\/p>","protected":false},"excerpt":{"rendered":"<p>Na tarde deste s\u00e1bado, 12, a cidade de S\u00e3o Paulo tinha mais im\u00f3veis sem energia do que o Estado da Fl\u00f3rida, Estados Unidos, atingido pelo furac\u00e3o Milton. A capital paulista&hellip;<\/p>","protected":false},"author":1,"featured_media":47705,"comment_status":"closed","ping_status":"open","sticky":false,"template":"","format":"standard","meta":{"content-type":"","footnotes":""},"categories":[16],"tags":[123,2448,5313,1267],"class_list":["post-47704","post","type-post","status-publish","format-standard","has-post-thumbnail","hentry","category-noticias","tag-brasil","tag-diario","tag-noticia","tag-noticias"],"_links":{"self":[{"href":"https:\/\/tvbrazilusa.com\/pt\/wp-json\/wp\/v2\/posts\/47704","targetHints":{"allow":["GET"]}}],"collection":[{"href":"https:\/\/tvbrazilusa.com\/pt\/wp-json\/wp\/v2\/posts"}],"about":[{"href":"https:\/\/tvbrazilusa.com\/pt\/wp-json\/wp\/v2\/types\/post"}],"author":[{"embeddable":true,"href":"https:\/\/tvbrazilusa.com\/pt\/wp-json\/wp\/v2\/users\/1"}],"replies":[{"embeddable":true,"href":"https:\/\/tvbrazilusa.com\/pt\/wp-json\/wp\/v2\/comments?post=47704"}],"version-history":[{"count":1,"href":"https:\/\/tvbrazilusa.com\/pt\/wp-json\/wp\/v2\/posts\/47704\/revisions"}],"predecessor-version":[{"id":47706,"href":"https:\/\/tvbrazilusa.com\/pt\/wp-json\/wp\/v2\/posts\/47704\/revisions\/47706"}],"wp:featuredmedia":[{"embeddable":true,"href":"https:\/\/tvbrazilusa.com\/pt\/wp-json\/wp\/v2\/media\/47705"}],"wp:attachment":[{"href":"https:\/\/tvbrazilusa.com\/pt\/wp-json\/wp\/v2\/media?parent=47704"}],"wp:term":[{"taxonomy":"category","embeddable":true,"href":"https:\/\/tvbrazilusa.com\/pt\/wp-json\/wp\/v2\/categories?post=47704"},{"taxonomy":"post_tag","embeddable":true,"href":"https:\/\/tvbrazilusa.com\/pt\/wp-json\/wp\/v2\/tags?post=47704"}],"curies":[{"name":"wp","href":"https:\/\/api.w.org\/{rel}","templated":true}]}}