{"id":47719,"date":"2024-10-13T11:42:58","date_gmt":"2024-10-13T11:42:58","guid":{"rendered":"https:\/\/tvbrazilusa.com\/2024\/10\/13\/governo-ameaca-reavaliar-a-concessao-da-enel-apos-apagao-em-sp\/"},"modified":"2024-10-13T11:43:00","modified_gmt":"2024-10-13T11:43:00","slug":"governo-ameaca-reavaliar-a-concessao-da-enel-apos-apagao-em-sp","status":"publish","type":"post","link":"https:\/\/tvbrazilusa.com\/pt\/2024\/10\/13\/governo-ameaca-reavaliar-a-concessao-da-enel-apos-apagao-em-sp\/","title":{"rendered":"Governo amea\u00e7a reavaliar a concess\u00e3o da Enel ap\u00f3s apag\u00e3o em SP"},"content":{"rendered":"<p> <script async src=\"https:\/\/pagead2.googlesyndication.com\/pagead\/js\/adsbygoogle.js?client=ca-pub-8864793242727901\"\r\n     crossorigin=\"anonymous\"><\/script><br \/>\n<\/p>\n<div id=\"taboola-read-more\" style=\"display:block; width:100%\">\n<p>O Minist\u00e9rio de Minas e Energia exigiu que a distribuidora Enel trabalhe de forma mais r\u00e1pida para restabelecer o fornecimento de eletricidade na Regi\u00e3o Metropolitana de S\u00e3o Paulo. Na sexta-feira (11), cerca de 2,1 milh\u00e3o de clientes da empresa italiana ficaram sem luz ap\u00f3s um temporal que atingiu o estado e causou quatro mortes.\n<\/p>\n<p>Em uma nota emitida neste s\u00e1bado (12), o minist\u00e9rio tamb\u00e9m afirmou que a Ag\u00eancia Nacional de Energia El\u00e9trica (Aneel) \u201cse mostra falha na fiscaliza\u00e7\u00e3o da distribuidora de energia\u201d, e destacou o hist\u00f3rico de problemas da Enel em S\u00e3o Paulo e nas outras \u00e1reas de concess\u00e3o da empresa.<\/p>\n<p>Segundo o comunicado, a Aneel demonstra n\u00e3o ter compromisso com a popula\u00e7\u00e3o, pois n\u00e3o deu andamento ao processo que poderia levar \u00e0 cassa\u00e7\u00e3o da concess\u00e3o da Enel \u2013 requerido pela pasta das Minas e Energia ap\u00f3s o apag\u00e3o corrido em novembro de 2023 em mais de 20 munic\u00edpios paulistas.\n<\/p>\n<p>A nota ainda deixa em aberto a situa\u00e7\u00e3o da Enel em S\u00e3o Paulo. \u201cN\u00e3o h\u00e1 qualquer indicativo de renova\u00e7\u00e3o da concess\u00e3o da distribuidora no estado.\u201d\n<\/p>\n<h2 tabindex=\"0\">Restabelecimento total do servi\u00e7o s\u00f3 acontecer\u00e1 na segunda-feira<\/h2>\n<p dir=\"ltr\" tabindex=\"0\">Segundo o jornal\u00a0<em dir=\"ltr\">Folha de S. Paulo<\/em>, o governador Tarc\u00edsio de Freitas (Republicanos),\u00a0telefonou para o diretor-geral da Aneel, Sandoval Feitosa, cobrando medidas mais duras contra a Enel.\n<\/p>\n<p dir=\"ltr\" tabindex=\"0\">\u00a0\n<\/p>\n<p tabindex=\"0\">Tarc\u00edsio reclamou que nada foi feito ap\u00f3s o apag\u00e3o de 2023 e defendeu a n\u00e3o renova\u00e7\u00e3o da concess\u00e3o da empresa italiana \u2013 cujo servi\u00e7o prestado, segundo ele, \u00e9 \u201cp\u00e9ssimo\u201d.\n<\/p>\n<p tabindex=\"0\">\u00a0\n<\/p>\n<p tabindex=\"0\">J\u00e1 a Aneel afirmou, por meio de uma nota, que vai recomendar ao minist\u00e9rio que n\u00e3o renove o contrato da Enel caso a empresa n\u00e3o apresente uma &#8220;solu\u00e7\u00e3o satisfat\u00f3ria e imediata&#8221; para o problema.\n<\/p>\n<p tabindex=\"0\">\u00a0\n<\/p>\n<p tabindex=\"0\">At\u00e9 o fim da tarde deste s\u00e1bado, cerca de 1,45 milh\u00e3o de clientes da distribuidora ainda estavam sem luz.\n<\/p>\n<p tabindex=\"0\">\u00a0\n<\/p>\n<p tabindex=\"0\">De acordo com o presidente da Enel, Guilherme Lencastre, a companhia espera restabelecer totalmente a energia no estado at\u00e9 segunda-feira (14), antes das 12h. \u201cN\u00e3o quero colocar uma expectativa para ela n\u00e3o seja frustrada\u201d, disse.\n<\/p>\n<p tabindex=\"0\"><strong>Gazeta do Povo\u00a0<\/strong> <\/p>\n<\/div>\n<p><br \/>\n<br \/><a href=\"https:\/\/diariodobrasilnoticias.com.br\/noticia\/governo-ameaca-reavaliar-a-concessao-da-enel-apos-apagao-em-sp-670ba1bebb014\">Source link <\/a><\/p>","protected":false},"excerpt":{"rendered":"<p>O Minist\u00e9rio de Minas e Energia exigiu que a distribuidora Enel trabalhe de forma mais r\u00e1pida para restabelecer o fornecimento de eletricidade na Regi\u00e3o Metropolitana de S\u00e3o Paulo. Na sexta-feira&hellip;<\/p>","protected":false},"author":1,"featured_media":47720,"comment_status":"closed","ping_status":"open","sticky":false,"template":"","format":"standard","meta":{"content-type":"","footnotes":""},"categories":[16],"tags":[123,2448,5313,1267],"class_list":["post-47719","post","type-post","status-publish","format-standard","has-post-thumbnail","hentry","category-noticias","tag-brasil","tag-diario","tag-noticia","tag-noticias"],"_links":{"self":[{"href":"https:\/\/tvbrazilusa.com\/pt\/wp-json\/wp\/v2\/posts\/47719","targetHints":{"allow":["GET"]}}],"collection":[{"href":"https:\/\/tvbrazilusa.com\/pt\/wp-json\/wp\/v2\/posts"}],"about":[{"href":"https:\/\/tvbrazilusa.com\/pt\/wp-json\/wp\/v2\/types\/post"}],"author":[{"embeddable":true,"href":"https:\/\/tvbrazilusa.com\/pt\/wp-json\/wp\/v2\/users\/1"}],"replies":[{"embeddable":true,"href":"https:\/\/tvbrazilusa.com\/pt\/wp-json\/wp\/v2\/comments?post=47719"}],"version-history":[{"count":1,"href":"https:\/\/tvbrazilusa.com\/pt\/wp-json\/wp\/v2\/posts\/47719\/revisions"}],"predecessor-version":[{"id":47721,"href":"https:\/\/tvbrazilusa.com\/pt\/wp-json\/wp\/v2\/posts\/47719\/revisions\/47721"}],"wp:featuredmedia":[{"embeddable":true,"href":"https:\/\/tvbrazilusa.com\/pt\/wp-json\/wp\/v2\/media\/47720"}],"wp:attachment":[{"href":"https:\/\/tvbrazilusa.com\/pt\/wp-json\/wp\/v2\/media?parent=47719"}],"wp:term":[{"taxonomy":"category","embeddable":true,"href":"https:\/\/tvbrazilusa.com\/pt\/wp-json\/wp\/v2\/categories?post=47719"},{"taxonomy":"post_tag","embeddable":true,"href":"https:\/\/tvbrazilusa.com\/pt\/wp-json\/wp\/v2\/tags?post=47719"}],"curies":[{"name":"wp","href":"https:\/\/api.w.org\/{rel}","templated":true}]}}