{"id":47722,"date":"2024-10-13T11:59:16","date_gmt":"2024-10-13T11:59:16","guid":{"rendered":"https:\/\/tvbrazilusa.com\/2024\/10\/13\/evo-morales-avisa-que-bloqueara-estradas-se-for-preso-pela-justica-boliviana\/"},"modified":"2024-10-13T11:59:17","modified_gmt":"2024-10-13T11:59:17","slug":"evo-morales-avisa-que-bloqueara-estradas-se-for-preso-pela-justica-boliviana","status":"publish","type":"post","link":"https:\/\/tvbrazilusa.com\/pt\/2024\/10\/13\/evo-morales-avisa-que-bloqueara-estradas-se-for-preso-pela-justica-boliviana\/","title":{"rendered":"Evo Morales avisa que bloquear\u00e1 estradas se for preso pela justi\u00e7a boliviana"},"content":{"rendered":"<p> <script async src=\"https:\/\/pagead2.googlesyndication.com\/pagead\/js\/adsbygoogle.js?client=ca-pub-8864793242727901\"\r\n     crossorigin=\"anonymous\"><\/script><br \/>\n<\/p>\n<div>\n<p>O ex-presidente boliviano Evo Morales amea\u00e7ou neste s\u00e1bado bloquear estradas no pa\u00eds se a Promotoria emitir uma ordem de pris\u00e3o contra ele e proceder com sua deten\u00e7\u00e3o.\n<\/p>\n<p>\u201cTemos que nos mobilizar. Possivelmente, ilegalmente e injustamente podem me prender, mas voc\u00eas nunca ser\u00e3o detidos. Talvez tenham planos contra a nossa vida, mas o processo de mudan\u00e7a nunca vai acabar\u201d, declarou o pol\u00edtico durante um discurso para seus apoiadores em Sacaba, regi\u00e3o central de Cochabamba, por ocasi\u00e3o do \u201cDia da Descoloniza\u00e7\u00e3o\u201d.<\/p>\n<p>Morales, que conta com o apoio de seus simpatizantes para enfrentar com mais for\u00e7a seu principal rival, o presidente Luis Arce, acrescentou que \u201co Pacto de Unidade e outras organiza\u00e7\u00f5es sociais n\u00e3o est\u00e3o erradas em convocar uma grande mobiliza\u00e7\u00e3o para que nos respeitem\u2026 O Governo tem a obriga\u00e7\u00e3o de respeitar o povo boliviano\u201d, ao que o grupo respondeu afirmando que \u201cse tocarem em Evo, tocam no povo\u201d.\n<\/p>\n<p>O ex-mandat\u00e1rio est\u00e1 sendo investigado por tr\u00e1fico de pessoas e estupro devido a uma den\u00fancia feita semanas atr\u00e1s. Uma jovem afirma que foi for\u00e7ada a manter um relacionamento com ele quando era menor de idade, e que dessa rela\u00e7\u00e3o teria nascido uma filha. O v\u00ednculo teria sido incentivado pelos pais da jovem, que, em troca, teriam recebido \u201cfavores\u201d do ent\u00e3o presidente.\n<\/p>\n<p>Embora Morales, do Movimento ao Socialismo (MAS), tenha se distanciado das acusa\u00e7\u00f5es, a Promotoria aceitou o caso e iniciou as investiga\u00e7\u00f5es, para as quais ele foi convocado a prestar depoimento na sexta-feira. Morales considerou que sua vida estaria em risco se comparecesse ao Minist\u00e9rio P\u00fablico e se declarou \u201cperseguido pol\u00edtico\u201d pelo governo, optando por n\u00e3o se apresentar.\n<\/p>\n<p>Desde ent\u00e3o, o ex-presidente permanece cercado por seus apoiadores em sua base cocalera no Chapare, onde muitos desses grupos j\u00e1 organizam vig\u00edlias em protesto contra o que consideram uma manobra pol\u00edtica com vistas \u00e0s elei\u00e7\u00f5es presidenciais de 2025.\n<\/p>\n<p>No entanto, a promotora respons\u00e1vel pelo caso, Sandra Guti\u00e9rrez, anunciou que emitir\u00e1 uma ordem de pris\u00e3o para levar Evo \u00e0 Justi\u00e7a. \u201cO que cabe \u00e9 emitir o mandado de pris\u00e3o, j\u00e1 que eles (Morales e os outros investigados) foram devidamente notificados sem qualquer viola\u00e7\u00e3o de seus direitos. J\u00e1 estamos trabalhando no que \u00e9 necess\u00e1rio, conforme a lei (\u2026) O mandado de pris\u00e3o ser\u00e1 emitido para que eles possam se apresentar e prestar depoimento\u201d, disse a promotora na sexta-feira, sem especificar quando a decis\u00e3o seria cumprida.\n<\/p>\n<p>As declara\u00e7\u00f5es da promotora geraram imediatamente um grande desconforto entre os aliados de Morales no MAS e nas organiza\u00e7\u00f5es sociais que o apoiam. Eles prometeram que \u201cse prenderem o irm\u00e3o Evo Morales, haver\u00e1 bloqueio de estradas contra o governo de Arce, devido \u00e0 crise econ\u00f4mica, corrup\u00e7\u00e3o e persegui\u00e7\u00e3o pol\u00edtica\u201d.\n<\/p>\n<p>\u201cO que vai acontecer na Bol\u00edvia \u00e9 grave. N\u00e3o garantimos nada, estamos segurando as bases, e ser\u00e1 responsabilidade do governo se houver insurg\u00eancia e convuls\u00e3o. N\u00e3o vamos permitir que toquem, muito menos prendam Evo\u201d, afirmou a lideran\u00e7a das Seis Federa\u00e7\u00f5es do Tr\u00f3pico de Cochabamba.\n<\/p>\n<\/div>\n<p><br \/>\n<br \/><a href=\"https:\/\/diariodobrasilnoticias.com.br\/noticia\/evo-morales-avisa-que-bloqueara-estradas-se-for-preso-pela-justica-boliviana-670b9c7659e55\">Source link <\/a><\/p>","protected":false},"excerpt":{"rendered":"<p>O ex-presidente boliviano Evo Morales amea\u00e7ou neste s\u00e1bado bloquear estradas no pa\u00eds se a Promotoria emitir uma ordem de pris\u00e3o contra ele e proceder com sua deten\u00e7\u00e3o. \u201cTemos que nos&hellip;<\/p>","protected":false},"author":1,"featured_media":47723,"comment_status":"closed","ping_status":"open","sticky":false,"template":"","format":"standard","meta":{"content-type":"","footnotes":""},"categories":[16],"tags":[123,2448,5313,1267],"class_list":["post-47722","post","type-post","status-publish","format-standard","has-post-thumbnail","hentry","category-noticias","tag-brasil","tag-diario","tag-noticia","tag-noticias"],"_links":{"self":[{"href":"https:\/\/tvbrazilusa.com\/pt\/wp-json\/wp\/v2\/posts\/47722","targetHints":{"allow":["GET"]}}],"collection":[{"href":"https:\/\/tvbrazilusa.com\/pt\/wp-json\/wp\/v2\/posts"}],"about":[{"href":"https:\/\/tvbrazilusa.com\/pt\/wp-json\/wp\/v2\/types\/post"}],"author":[{"embeddable":true,"href":"https:\/\/tvbrazilusa.com\/pt\/wp-json\/wp\/v2\/users\/1"}],"replies":[{"embeddable":true,"href":"https:\/\/tvbrazilusa.com\/pt\/wp-json\/wp\/v2\/comments?post=47722"}],"version-history":[{"count":1,"href":"https:\/\/tvbrazilusa.com\/pt\/wp-json\/wp\/v2\/posts\/47722\/revisions"}],"predecessor-version":[{"id":47724,"href":"https:\/\/tvbrazilusa.com\/pt\/wp-json\/wp\/v2\/posts\/47722\/revisions\/47724"}],"wp:featuredmedia":[{"embeddable":true,"href":"https:\/\/tvbrazilusa.com\/pt\/wp-json\/wp\/v2\/media\/47723"}],"wp:attachment":[{"href":"https:\/\/tvbrazilusa.com\/pt\/wp-json\/wp\/v2\/media?parent=47722"}],"wp:term":[{"taxonomy":"category","embeddable":true,"href":"https:\/\/tvbrazilusa.com\/pt\/wp-json\/wp\/v2\/categories?post=47722"},{"taxonomy":"post_tag","embeddable":true,"href":"https:\/\/tvbrazilusa.com\/pt\/wp-json\/wp\/v2\/tags?post=47722"}],"curies":[{"name":"wp","href":"https:\/\/api.w.org\/{rel}","templated":true}]}}