{"id":47740,"date":"2024-10-13T13:04:59","date_gmt":"2024-10-13T13:04:59","guid":{"rendered":"https:\/\/tvbrazilusa.com\/2024\/10\/13\/em-uma-provocacao-a-trump-kamala-apresenta-boletim-medico-para-atestar-seu-estado-de-saude\/"},"modified":"2024-10-13T13:05:00","modified_gmt":"2024-10-13T13:05:00","slug":"em-uma-provocacao-a-trump-kamala-apresenta-boletim-medico-para-atestar-seu-estado-de-saude","status":"publish","type":"post","link":"https:\/\/tvbrazilusa.com\/pt\/2024\/10\/13\/em-uma-provocacao-a-trump-kamala-apresenta-boletim-medico-para-atestar-seu-estado-de-saude\/","title":{"rendered":"Em uma provoca\u00e7\u00e3o a Trump, Kamala apresenta boletim m\u00e9dico para atestar seu estado de sa\u00fade"},"content":{"rendered":"<p> <script async src=\"https:\/\/pagead2.googlesyndication.com\/pagead\/js\/adsbygoogle.js?client=ca-pub-8864793242727901\"\r\n     crossorigin=\"anonymous\"><\/script><br \/>\n<\/p>\n<div id=\"taboola-read-more\" style=\"display:block; width:100%\">\n<p>A Casa Branca publicou neste s\u00e1bado, 12, um relat\u00f3rio m\u00e9dico no qual atesta que os 59 anos de Kamala Harris fornecem \u201cresili\u00eancia f\u00edsica e mental necess\u00e1ria\u201d para servir como presidente. O documento \u00e9 uma tentativa da campanha democrata para pressionar o rival republicano Donald Trump a fazer uma publica\u00e7\u00e3o semelhante.\n<\/p>\n<p>\u201cA vice-presidente Harris continua com excelente sa\u00fade\u201d, disse o seu m\u00e9dico Joshua Simmons no relat\u00f3rio. Acrescentou que a tamb\u00e9m candidata presidencial \u201cpossui a resili\u00eancia f\u00edsica e mental necess\u00e1ria para desempenhar com sucesso as fun\u00e7\u00f5es da presid\u00eancia\u201d.<\/p>\n<h2><strong>Candidata faz tratamento para alergia<\/strong><\/h2>\n<p>Segundo Simmons, os exames m\u00e9dicos mais recentes de Kamala n\u00e3o mostraram \u201cnada fora do comum. Ela est\u00e1 com excelente sa\u00fade\u201d.\u00a0O especialista confirmou um tratamento: imunoterapia com al\u00e9rgenos por tr\u00eas anos para reduzir os sintomas de alergia sazonal.\u00a0\n<\/p>\n<p>Kamala espera que este exame m\u00e9dico alimente o debate sobre as capacidades de Trump, que at\u00e9 agora n\u00e3o divulgou qualquer informa\u00e7\u00e3o sobre o seu estado de sa\u00fade aos 78 anos.\n<\/p>\n<p>A quest\u00e3o da idade e das capacidades mentais come\u00e7ou a ser um fator importante nesta campanha, at\u00e9 que o presidente democrata Joe Biden, de 81 anos, desistiu de tentar a reelei\u00e7\u00e3o.\n<\/p>\n<p>Um dos motivos da desist\u00eancia foi um debate desastroso contra o ex-presidente republicano. Desde ent\u00e3o, a quest\u00e3o tem sido pouco abordada na m\u00eddia e sem grandes repercuss\u00f5es nas pesquisas.\u00a0\n<\/p>\n<p dir=\"ltr\">Recentemente, a equipe de campanha de Kamala interessou-se por um artigo do\u00a0<em dir=\"ltr\">The New York Times<\/em>. Nele, o jornal dizia que o ex-presidente n\u00e3o divulgou nenhum resultado de exame m\u00e9dico recente.\u00a0\n<\/p>\n<p dir=\"ltr\">\u00a0\n<\/p>\n<p>Outro artigo desse mesmo jornal, que apoia Kamala, analisou discursos de Trump e observou que eles se tornaram mais \u201clongos\u201d, \u201cconfusos\u201d, \u201cvulgares\u201d e \u201cobcecados pelo passado\u201d.\n<\/p>\n<p>O ex-presidente mant\u00e9m uma agenda firme de viagens e com\u00edcios pelos Estados Unidos, mas n\u00e3o demonstra cansa\u00e7o compar\u00e1vel ao de Biden.\n<\/p>\n<h2>Trump mant\u00e9m agenda de viagens e com\u00edcios<\/h2>\n<p>Al\u00e9m disso, segundo as pesquisas, sua idade n\u00e3o \u00e9 uma quest\u00e3o importante para os eleitores. Levantamento do Gallup, em outubro, diz que 41% dos eleitores consideram o republicano velho demais para ser presidente novamente.\u00a0\n<\/p>\n<p>A porcentagem n\u00e3o mudou muito desde que Kamala se tornou candidata presidencial, em 5 de novembro. Segundo o Gallup, em junho, 37% dos eleitores pensavam da mesma forma em rela\u00e7\u00e3o a Trump.\n<\/p>\n<p><strong>Revista Oeste\u00a0<\/strong><\/p>\n<figure><picture><source srcset=\"https:\/\/medias.revistaoeste.com\/wp-content\/uploads\/2024\/08\/joe-biden-texas-imigrantes-estados-unidos.jpeg.webp 1500w, https:\/\/medias.revistaoeste.com\/wp-content\/uploads\/2024\/08\/joe-biden-texas-imigrantes-estados-unidos-300x200.jpeg.webp 300w, https:\/\/medias.revistaoeste.com\/wp-content\/uploads\/2024\/08\/joe-biden-texas-imigrantes-estados-unidos-150x100.jpeg.webp 150w\" type=\"image\/webp\" data-srcset=\"https:\/\/medias.revistaoeste.com\/wp-content\/uploads\/2024\/08\/joe-biden-texas-imigrantes-estados-unidos.jpeg.webp 1500w, https:\/\/medias.revistaoeste.com\/wp-content\/uploads\/2024\/08\/joe-biden-texas-imigrantes-estados-unidos-300x200.jpeg.webp 300w, https:\/\/medias.revistaoeste.com\/wp-content\/uploads\/2024\/08\/joe-biden-texas-imigrantes-estados-unidos-150x100.jpeg.webp 150w\" data-sizes=\"(max-width: 1500px) 100vw, 1500px\"\/><\/picture><\/figure>\n<\/p>\n<\/div>\n<p><br \/>\n<br \/><a href=\"https:\/\/diariodobrasilnoticias.com.br\/noticia\/em-uma-provocacao-a-trump-kamala-apresenta-boletim-medico-para-atestar-seu-estado-de-saude-670ba40c7703f\">Source link <\/a><\/p>","protected":false},"excerpt":{"rendered":"<p>A Casa Branca publicou neste s\u00e1bado, 12, um relat\u00f3rio m\u00e9dico no qual atesta que os 59 anos de Kamala Harris fornecem \u201cresili\u00eancia f\u00edsica e mental necess\u00e1ria\u201d para servir como presidente.&hellip;<\/p>","protected":false},"author":1,"featured_media":47741,"comment_status":"closed","ping_status":"open","sticky":false,"template":"","format":"standard","meta":{"content-type":"","footnotes":""},"categories":[16],"tags":[123,2448,5313,1267],"class_list":["post-47740","post","type-post","status-publish","format-standard","has-post-thumbnail","hentry","category-noticias","tag-brasil","tag-diario","tag-noticia","tag-noticias"],"_links":{"self":[{"href":"https:\/\/tvbrazilusa.com\/pt\/wp-json\/wp\/v2\/posts\/47740","targetHints":{"allow":["GET"]}}],"collection":[{"href":"https:\/\/tvbrazilusa.com\/pt\/wp-json\/wp\/v2\/posts"}],"about":[{"href":"https:\/\/tvbrazilusa.com\/pt\/wp-json\/wp\/v2\/types\/post"}],"author":[{"embeddable":true,"href":"https:\/\/tvbrazilusa.com\/pt\/wp-json\/wp\/v2\/users\/1"}],"replies":[{"embeddable":true,"href":"https:\/\/tvbrazilusa.com\/pt\/wp-json\/wp\/v2\/comments?post=47740"}],"version-history":[{"count":1,"href":"https:\/\/tvbrazilusa.com\/pt\/wp-json\/wp\/v2\/posts\/47740\/revisions"}],"predecessor-version":[{"id":47742,"href":"https:\/\/tvbrazilusa.com\/pt\/wp-json\/wp\/v2\/posts\/47740\/revisions\/47742"}],"wp:featuredmedia":[{"embeddable":true,"href":"https:\/\/tvbrazilusa.com\/pt\/wp-json\/wp\/v2\/media\/47741"}],"wp:attachment":[{"href":"https:\/\/tvbrazilusa.com\/pt\/wp-json\/wp\/v2\/media?parent=47740"}],"wp:term":[{"taxonomy":"category","embeddable":true,"href":"https:\/\/tvbrazilusa.com\/pt\/wp-json\/wp\/v2\/categories?post=47740"},{"taxonomy":"post_tag","embeddable":true,"href":"https:\/\/tvbrazilusa.com\/pt\/wp-json\/wp\/v2\/tags?post=47740"}],"curies":[{"name":"wp","href":"https:\/\/api.w.org\/{rel}","templated":true}]}}