{"id":47746,"date":"2024-10-13T13:19:31","date_gmt":"2024-10-13T13:19:31","guid":{"rendered":"https:\/\/tvbrazilusa.com\/2024\/10\/13\/moraes-reconheceu-a-ausencia-de-provas-em-caso-de-homem-que-ficou-oito-meses-na-cadeia-pelo-8-1\/"},"modified":"2024-10-13T13:19:32","modified_gmt":"2024-10-13T13:19:32","slug":"moraes-reconheceu-a-ausencia-de-provas-em-caso-de-homem-que-ficou-oito-meses-na-cadeia-pelo-8-1","status":"publish","type":"post","link":"https:\/\/tvbrazilusa.com\/pt\/2024\/10\/13\/moraes-reconheceu-a-ausencia-de-provas-em-caso-de-homem-que-ficou-oito-meses-na-cadeia-pelo-8-1\/","title":{"rendered":"Moraes reconheceu a aus\u00eancia de provas em caso de homem que ficou oito meses na cadeia pelo 8\/1"},"content":{"rendered":"<p> <script async src=\"https:\/\/pagead2.googlesyndication.com\/pagead\/js\/adsbygoogle.js?client=ca-pub-8864793242727901\"\r\n     crossorigin=\"anonymous\"><\/script><br \/>\n<\/p>\n<div id=\"taboola-read-more\" style=\"display:block; width:100%\">\n<p>Durante julgamento, na sexta-feira 11, o ministro Alexandre de Moraes, do Supremo Tribunal Federal (STF), reconheceu a falta de provas no caso de um homem preso na Papuda, por oito meses, pelo 8 de janeiro.\n<\/p>\n<p>\u201cN\u00e3o h\u00e1 provas de que o denunciado tenha integrado a associa\u00e7\u00e3o criminosa, contribuindo para a execu\u00e7\u00e3o ou incita\u00e7\u00e3o dos crimes e arregimenta\u00e7\u00e3o de pessoas, mais ainda por sua condi\u00e7\u00e3o de extrema vulnerabilidade e aus\u00eancia de discernimento por sequer saber o que seria \u2018golpe de Estado\u2019 ou \u2018deposi\u00e7\u00e3o do governo\u2019.\u201d, observou o ministro no voto para absolver o morador de rua Vitor de Jesus, de 24 anos.<\/p>\n<p>Adiante, o juiz do STF admitiu que \u201cn\u00e3o est\u00e1 comprovado, portanto, que o homem tenha se aliado subjetivamente \u00e0 multid\u00e3o criminosa (consci\u00eancia da colabora\u00e7\u00e3o e volunt\u00e1ria ades\u00e3o) e, consequentemente, concorrido para a pr\u00e1tica dos crimes, somando sua conduta, em comunh\u00e3o de esfor\u00e7os com os demais autores, com o objetivo de praticar as figuras t\u00edpicas imputadas (finalidades compartilhadas)\u201d.\n<\/p>\n<p>O processo ainda est\u00e1 em an\u00e1lise no plen\u00e1rio virtual, portanto, falta ainda o veredito dos demais integrantes do STF.\n<\/p>\n<h2>Quem \u00e9 o homem que Alexandre de Moraes votou para absolver?<\/h2>\n<p>Preso no plen\u00e1rio do Senado na manifesta\u00e7\u00e3o, Jesus disse em depoimento que frequentava o acampamento dos manifestantes contr\u00e1rios ao governo rec\u00e9m-eleito de Lula, em frente ao Batalh\u00e3o do Ex\u00e9rcito no Ibirapuera, pois recebia abrigo e refei\u00e7\u00f5es.\n<\/p>\n<p>O homem contou que aceitou ir a Bras\u00edlia porque queria conhecer a capital federal e que entrou no Congresso Nacional, no dia do protesto, apenas por curiosidade.\n<\/p>\n<p>Ao obter liberdade condicional, em agosto de 2023, mudou-se para Itapecerica da Serra ap\u00f3s reatar com familiares (SP), onde usa tornozeleira eletr\u00f4nica.\n<\/p>\n<p><strong>Revista Oeste\u00a0<\/strong> <\/p>\n<\/div>\n<p><br \/>\n<br \/><a href=\"https:\/\/diariodobrasilnoticias.com.br\/noticia\/moraes-reconheceu-a-ausencia-de-provas-em-caso-de-homem-que-ficou-oito-meses-na-cadeia-pelo-8-1-670ba6d924eb5\">Source link <\/a><\/p>","protected":false},"excerpt":{"rendered":"<p>Durante julgamento, na sexta-feira 11, o ministro Alexandre de Moraes, do Supremo Tribunal Federal (STF), reconheceu a falta de provas no caso de um homem preso na Papuda, por oito&hellip;<\/p>","protected":false},"author":1,"featured_media":47747,"comment_status":"closed","ping_status":"open","sticky":false,"template":"","format":"standard","meta":{"content-type":"","footnotes":""},"categories":[16],"tags":[123,2448,5313,1267],"class_list":["post-47746","post","type-post","status-publish","format-standard","has-post-thumbnail","hentry","category-noticias","tag-brasil","tag-diario","tag-noticia","tag-noticias"],"_links":{"self":[{"href":"https:\/\/tvbrazilusa.com\/pt\/wp-json\/wp\/v2\/posts\/47746","targetHints":{"allow":["GET"]}}],"collection":[{"href":"https:\/\/tvbrazilusa.com\/pt\/wp-json\/wp\/v2\/posts"}],"about":[{"href":"https:\/\/tvbrazilusa.com\/pt\/wp-json\/wp\/v2\/types\/post"}],"author":[{"embeddable":true,"href":"https:\/\/tvbrazilusa.com\/pt\/wp-json\/wp\/v2\/users\/1"}],"replies":[{"embeddable":true,"href":"https:\/\/tvbrazilusa.com\/pt\/wp-json\/wp\/v2\/comments?post=47746"}],"version-history":[{"count":1,"href":"https:\/\/tvbrazilusa.com\/pt\/wp-json\/wp\/v2\/posts\/47746\/revisions"}],"predecessor-version":[{"id":47748,"href":"https:\/\/tvbrazilusa.com\/pt\/wp-json\/wp\/v2\/posts\/47746\/revisions\/47748"}],"wp:featuredmedia":[{"embeddable":true,"href":"https:\/\/tvbrazilusa.com\/pt\/wp-json\/wp\/v2\/media\/47747"}],"wp:attachment":[{"href":"https:\/\/tvbrazilusa.com\/pt\/wp-json\/wp\/v2\/media?parent=47746"}],"wp:term":[{"taxonomy":"category","embeddable":true,"href":"https:\/\/tvbrazilusa.com\/pt\/wp-json\/wp\/v2\/categories?post=47746"},{"taxonomy":"post_tag","embeddable":true,"href":"https:\/\/tvbrazilusa.com\/pt\/wp-json\/wp\/v2\/tags?post=47746"}],"curies":[{"name":"wp","href":"https:\/\/api.w.org\/{rel}","templated":true}]}}