{"id":47749,"date":"2024-10-13T13:31:44","date_gmt":"2024-10-13T13:31:44","guid":{"rendered":"https:\/\/tvbrazilusa.com\/2024\/10\/13\/o-dado-que-revela-o-declinio-do-pt-no-nordeste-nas-eleicoes-de-2024\/"},"modified":"2024-10-13T13:31:45","modified_gmt":"2024-10-13T13:31:45","slug":"o-dado-que-revela-o-declinio-do-pt-no-nordeste-nas-eleicoes-de-2024","status":"publish","type":"post","link":"https:\/\/tvbrazilusa.com\/pt\/2024\/10\/13\/o-dado-que-revela-o-declinio-do-pt-no-nordeste-nas-eleicoes-de-2024\/","title":{"rendered":"O dado que revela o decl\u00ednio do PT no Nordeste nas elei\u00e7\u00f5es de 2024"},"content":{"rendered":"<p> <script async src=\"https:\/\/pagead2.googlesyndication.com\/pagead\/js\/adsbygoogle.js?client=ca-pub-8864793242727901\"\r\n     crossorigin=\"anonymous\"><\/script><br \/>\n<\/p>\n<div id=\"taboola-read-more\" style=\"display:block; width:100%\">\n<p>A an\u00e1lise dos vencedores das elei\u00e7\u00f5es nos tr\u00eas maiores col\u00e9gios eleitorais dos nove estados nordestinos exp\u00f5e um quadro preocupante para o PT. Nas elei\u00e7\u00f5es das 27 maiores cidades da regi\u00e3o, vinte foram resolvidas no primeiro turno e o partido do presidente\u00a0<strong>Luiz In\u00e1cio Lula da Silva<\/strong>\u00a0n\u00e3o venceu em nenhuma \u2013 dezesseis munic\u00edpios elegeram prefeitos de partidos de direita, tr\u00eas ficaram com as legendas centristas MDB e Solidariedade e a esquerda levou apenas a capital pernambucana, com Jo\u00e3o Campos, do PSB\u00a0<em>(veja abaixo)<\/em>.\n<\/p>\n<p>Nos embates de segundo turno, o Partido dos Trabalhadores ainda tem chances nas duas maiores cidades do Cear\u00e1 \u2014 Fortaleza e Caucaia \u2014 e na capital do Rio Grande do Norte, Natal. Dois candidatos de direita se enfrentam em Jo\u00e3o Pessoa e em Imperatriz (MA). A esquerda ainda disputa em Aracaju com o PDT e em Campina Grande com o PSB.<\/p>\n<p>Para o cientista pol\u00edtico Murilo Medeiros, da Universidade de Bras\u00edlia (UnB), o cen\u00e1rio \u00e9 dif\u00edcil para o PT na regi\u00e3o, inclusive, dentro da sua pr\u00f3pria ala ideol\u00f3gica, onde o PSB come\u00e7a a emergir como uma for\u00e7a predominante, pelo menos no n\u00famero de prefeituras conquistadas. \u201cTemos um cen\u00e1rio mais sombrio com o enfraquecimento de legendas de esquerda na configura\u00e7\u00e3o municipal, sobretudo do PT, inclusive em regi\u00f5es historicamente comandadas pelo partido, como o Nordeste\u201d, analisou.\n<\/p>\n<p>\u201cDiante do predom\u00ednio hist\u00f3rico das \u00faltimas quatro elei\u00e7\u00f5es gerais no Brasil, h\u00e1 um desgaste natural dos partidos de esquerda na regi\u00e3o, que inclusive perderam conex\u00e3o com pautas caras da sociedade brasileira, como a seguran\u00e7a p\u00fablica. V\u00e1rias capitais do Nordeste enfrentam problemas nesta \u00e1rea\u201d, explicou.\n<\/p>\n<h3>Elei\u00e7\u00f5es nos principais col\u00e9gios eleitorais do Nordeste<\/h3>\n<p><strong>Sergipe<\/strong>\n<\/p>\n<p>Aracaju \u2013 Em\u00edlia Corr\u00eaa (PL) e Luiz Roberto (PDT) disputam o segundo turno<br \/>Nossa Senhora do Socorro \u2013 Dr. Samuel (Cidadania) eleito<br \/>Itabaiana \u2013 Valmir de Francisquinho (PL) eleito\n<\/p>\n<p><strong>Bahia<\/strong>\n<\/p>\n<p>Salvador \u2013 Bruno Reis (Uni\u00e3o Brasil) eleito<br \/>Feira de Santana \u2013 Jos\u00e9 Ronaldo (Uni\u00e3o Brasil) eleito<br \/>Vit\u00f3ria da Conquista \u2013 Sheila Lemos (Uni\u00e3o Brasil) eleita\n<\/p>\n<p><strong>Alagoas<\/strong>\n<\/p>\n<p>Macei\u00f3 \u2013 Jo\u00e3o Henrique Caldas (PL) eleito<br \/>Aapiraca \u2013 Luciano Barbosa (MDB) eleito<br \/>Rio Largo \u2013 Carlos Gon\u00e7alves (PP) eleito\n<\/p>\n<p><strong>Pernambuco<\/strong>\n<\/p>\n<p>Recife \u2013 Jo\u00e3o Campos (PSB) eleito<br \/>Jaboat\u00e3o dos Guararapes \u2013 Mano Medeiros (PL) eleito<br \/>Petrolina \u2013 Sim\u00e3o Durando (Uni\u00e3o Brasil) eleito\n<\/p>\n<p><strong>Para\u00edba<\/strong>\n<\/p>\n<p>Jo\u00e3o Pessoa \u2013 C\u00edcero Lucena (PP) e Marcelo Queiroga (PL) disputam o segundo turno<br \/>Campina Grande \u2013 Bruno Cunha (Uni\u00e3o Brasil) e Dr Jhony (PSB) disputam o segundo turno<br \/>Santa Rita \u2013 Jackson (PP) eleito\n<\/p>\n<p><strong>Rio Grande do Norte<\/strong>\n<\/p>\n<p>Natal \u2013 Paulinho Freire (Uni\u00e3o Brasil) e Nat\u00e1lia Bonavides (PT) disputam o segundo turno<br \/>Mossor\u00f3 \u2013 Allyson (Uni\u00e3o Brasil) eleito<br \/>Parnamirim \u2013 Professora Nilda (Solidariedade) eleita\n<\/p>\n<p><strong>\u00a0Cear\u00e1<\/strong>\n<\/p>\n<p>Fortaleza \u2013 Andr\u00e9 Fernandes (PL) e Evandro Leit\u00e3o (PT) disputam o segundo turno<br \/>Caucaia \u2013 Naumi Amorim (PSD) e Catanho (PT) disputam o segundo turno<br \/>Juazeiro do Norte \u2013 Gledson Bezerra (Podemos) eleito\n<\/p>\n<p><strong>Piau\u00ed<\/strong>\n<\/p>\n<p>Teresina \u2013 Silvio Mendes (Uni\u00e3o Brasil) eleito<br \/>Parnaiba \u2013 Novo Francisco (PP) eleito<br \/>Picos \u2013 Dr. Pablo Santos (MDB) eleito\n<\/p>\n<p><strong>Maranh\u00e3o<\/strong>\n<\/p>\n<p>S\u00e3o Luis \u2013 Eduardo Braide (PSD) eleito<br \/>Imperatriz \u2013 Rildo Amaral (PP) e Mariana Carvalho (Republicanos) disputam o segundo turno<br \/>S\u00e3o Jos\u00e9 de Ribamar \u2013 Dr. Julinho (Podemos) eleito\n<\/p>\n<p><strong>VEJA\u00a0<\/strong> <\/p>\n<\/div>\n<p><br \/>\n<br \/><a href=\"https:\/\/diariodobrasilnoticias.com.br\/noticia\/o-dado-que-revela-o-declinio-do-pt-no-nordeste-nas-eleicoes-de-2024-670bb4fdaec34\">Source link <\/a><\/p>","protected":false},"excerpt":{"rendered":"<p>A an\u00e1lise dos vencedores das elei\u00e7\u00f5es nos tr\u00eas maiores col\u00e9gios eleitorais dos nove estados nordestinos exp\u00f5e um quadro preocupante para o PT. Nas elei\u00e7\u00f5es das 27 maiores cidades da regi\u00e3o,&hellip;<\/p>","protected":false},"author":1,"featured_media":47750,"comment_status":"closed","ping_status":"open","sticky":false,"template":"","format":"standard","meta":{"content-type":"","footnotes":""},"categories":[16],"tags":[123,2448,5313,1267],"class_list":["post-47749","post","type-post","status-publish","format-standard","has-post-thumbnail","hentry","category-noticias","tag-brasil","tag-diario","tag-noticia","tag-noticias"],"_links":{"self":[{"href":"https:\/\/tvbrazilusa.com\/pt\/wp-json\/wp\/v2\/posts\/47749","targetHints":{"allow":["GET"]}}],"collection":[{"href":"https:\/\/tvbrazilusa.com\/pt\/wp-json\/wp\/v2\/posts"}],"about":[{"href":"https:\/\/tvbrazilusa.com\/pt\/wp-json\/wp\/v2\/types\/post"}],"author":[{"embeddable":true,"href":"https:\/\/tvbrazilusa.com\/pt\/wp-json\/wp\/v2\/users\/1"}],"replies":[{"embeddable":true,"href":"https:\/\/tvbrazilusa.com\/pt\/wp-json\/wp\/v2\/comments?post=47749"}],"version-history":[{"count":1,"href":"https:\/\/tvbrazilusa.com\/pt\/wp-json\/wp\/v2\/posts\/47749\/revisions"}],"predecessor-version":[{"id":47751,"href":"https:\/\/tvbrazilusa.com\/pt\/wp-json\/wp\/v2\/posts\/47749\/revisions\/47751"}],"wp:featuredmedia":[{"embeddable":true,"href":"https:\/\/tvbrazilusa.com\/pt\/wp-json\/wp\/v2\/media\/47750"}],"wp:attachment":[{"href":"https:\/\/tvbrazilusa.com\/pt\/wp-json\/wp\/v2\/media?parent=47749"}],"wp:term":[{"taxonomy":"category","embeddable":true,"href":"https:\/\/tvbrazilusa.com\/pt\/wp-json\/wp\/v2\/categories?post=47749"},{"taxonomy":"post_tag","embeddable":true,"href":"https:\/\/tvbrazilusa.com\/pt\/wp-json\/wp\/v2\/tags?post=47749"}],"curies":[{"name":"wp","href":"https:\/\/api.w.org\/{rel}","templated":true}]}}