{"id":47752,"date":"2024-10-13T13:44:30","date_gmt":"2024-10-13T13:44:30","guid":{"rendered":"https:\/\/tvbrazilusa.com\/2024\/10\/13\/advogado-de-daniel-silveira-pretende-contrata-lo-como-estagiario\/"},"modified":"2024-10-13T13:44:32","modified_gmt":"2024-10-13T13:44:32","slug":"advogado-de-daniel-silveira-pretende-contrata-lo-como-estagiario","status":"publish","type":"post","link":"https:\/\/tvbrazilusa.com\/pt\/2024\/10\/13\/advogado-de-daniel-silveira-pretende-contrata-lo-como-estagiario\/","title":{"rendered":"Advogado de Daniel Silveira pretende contrat\u00e1-lo como estagi\u00e1rio"},"content":{"rendered":"<p> <script async src=\"https:\/\/pagead2.googlesyndication.com\/pagead\/js\/adsbygoogle.js?client=ca-pub-8864793242727901\"\r\n     crossorigin=\"anonymous\"><\/script><br \/>\n<\/p>\n<div id=\"taboola-read-more\" style=\"display:block; width:100%\">\n<p>O advogado de Daniel Silveira, Paulo Faria, quer contratar o ex-deputado preso e condenado pelo Supremo Tribunal Federal para trabalhar em seu escrit\u00f3rio de advocacia.\n<\/p>\n<p>Silveira n\u00e3o far\u00e1 o est\u00e1gio educacional porque n\u00e3o completou o curso de Direito. O ex-deputado deve atuar na \u00e1rea administrativa do escrit\u00f3rio e de forma remota.<\/p>\n<p>O ministro do STF Alexandre de Moraes determinou a progress\u00e3o de regime de Silveira para o semiaberto, mas o ex-deputado, segundo a decis\u00e3o, \u00e9 obrigado a voltar toda noite para o c\u00e1rcere.\n<\/p>\n<p>Faria recorreu da decis\u00e3o nesta segunda-feira (11\/10) e pediu que Silveira possa ser monitorado por tornozeleira eletr\u00f4nica para que ele possa voltar para casa.\n<\/p>\n<p>Em seus exames criminol\u00f3gicos, o ex-deputado expressou vontade de terminar o curso de Direito e de prestar concurso p\u00fablico.\n<\/p>\n<p>Al\u00e9m da proposta para trabalhar no escrit\u00f3rio de Faria, Silveira tamb\u00e9m foi chamado para trabalhar em uma academia em Petr\u00f3polis.\n<\/p>\n<p><strong>Metr\u00f3poles\u00a0<\/strong> <\/p>\n<\/div>\n<p><br \/>\n<br \/><a href=\"https:\/\/diariodobrasilnoticias.com.br\/noticia\/advogado-de-daniel-silveira-pretende-contrata-lo-como-estagiario-670bb41d4b4d2\">Source link <\/a><\/p>","protected":false},"excerpt":{"rendered":"<p>O advogado de Daniel Silveira, Paulo Faria, quer contratar o ex-deputado preso e condenado pelo Supremo Tribunal Federal para trabalhar em seu escrit\u00f3rio de advocacia. Silveira n\u00e3o far\u00e1 o est\u00e1gio&hellip;<\/p>","protected":false},"author":1,"featured_media":47753,"comment_status":"closed","ping_status":"open","sticky":false,"template":"","format":"standard","meta":{"content-type":"","footnotes":""},"categories":[16],"tags":[123,2448,5313,1267],"class_list":["post-47752","post","type-post","status-publish","format-standard","has-post-thumbnail","hentry","category-noticias","tag-brasil","tag-diario","tag-noticia","tag-noticias"],"_links":{"self":[{"href":"https:\/\/tvbrazilusa.com\/pt\/wp-json\/wp\/v2\/posts\/47752","targetHints":{"allow":["GET"]}}],"collection":[{"href":"https:\/\/tvbrazilusa.com\/pt\/wp-json\/wp\/v2\/posts"}],"about":[{"href":"https:\/\/tvbrazilusa.com\/pt\/wp-json\/wp\/v2\/types\/post"}],"author":[{"embeddable":true,"href":"https:\/\/tvbrazilusa.com\/pt\/wp-json\/wp\/v2\/users\/1"}],"replies":[{"embeddable":true,"href":"https:\/\/tvbrazilusa.com\/pt\/wp-json\/wp\/v2\/comments?post=47752"}],"version-history":[{"count":1,"href":"https:\/\/tvbrazilusa.com\/pt\/wp-json\/wp\/v2\/posts\/47752\/revisions"}],"predecessor-version":[{"id":47754,"href":"https:\/\/tvbrazilusa.com\/pt\/wp-json\/wp\/v2\/posts\/47752\/revisions\/47754"}],"wp:featuredmedia":[{"embeddable":true,"href":"https:\/\/tvbrazilusa.com\/pt\/wp-json\/wp\/v2\/media\/47753"}],"wp:attachment":[{"href":"https:\/\/tvbrazilusa.com\/pt\/wp-json\/wp\/v2\/media?parent=47752"}],"wp:term":[{"taxonomy":"category","embeddable":true,"href":"https:\/\/tvbrazilusa.com\/pt\/wp-json\/wp\/v2\/categories?post=47752"},{"taxonomy":"post_tag","embeddable":true,"href":"https:\/\/tvbrazilusa.com\/pt\/wp-json\/wp\/v2\/tags?post=47752"}],"curies":[{"name":"wp","href":"https:\/\/api.w.org\/{rel}","templated":true}]}}