{"id":47755,"date":"2024-10-13T13:56:19","date_gmt":"2024-10-13T13:56:19","guid":{"rendered":"https:\/\/tvbrazilusa.com\/2024\/10\/13\/andre-ernandes-pl-lidera-a-disputa-pela-prefeitura-de-fortaleza-em-relacao-ao-candidato-petista\/"},"modified":"2024-10-13T13:56:20","modified_gmt":"2024-10-13T13:56:20","slug":"andre-ernandes-pl-lidera-a-disputa-pela-prefeitura-de-fortaleza-em-relacao-ao-candidato-petista","status":"publish","type":"post","link":"https:\/\/tvbrazilusa.com\/pt\/2024\/10\/13\/andre-ernandes-pl-lidera-a-disputa-pela-prefeitura-de-fortaleza-em-relacao-ao-candidato-petista\/","title":{"rendered":"Andr\u00e9 ernandes (PL) lidera a disputa pela Prefeitura de Fortaleza em rela\u00e7\u00e3o ao candidato petista"},"content":{"rendered":"<p> <script async src=\"https:\/\/pagead2.googlesyndication.com\/pagead\/js\/adsbygoogle.js?client=ca-pub-8864793242727901\"\r\n     crossorigin=\"anonymous\"><\/script><br \/>\n<\/p>\n<p>O cen\u00e1rio pol\u00edtico em Fortaleza apresenta uma disputa acirrada para o segundo turno das elei\u00e7\u00f5es municipais entre Andr\u00e9 Fernandes (PL) e Evandro Leit\u00e3o (PT). Conforme a mais recente pesquisa realizada pela Paran\u00e1 Pesquisas, Andr\u00e9 Fernandes desponta com uma ligeira vantagem sobre seu oponente, marcando 48,1% das inten\u00e7\u00f5es de voto. Em contrapartida, Evandro Leit\u00e3o conta com 43% de apoio do eleitorado.\n<\/p>\n<p>No primeiro turno, Andr\u00e9 Fernandes obteve 562.305 votos, o que representa 40,20% dos votos v\u00e1lidos. Evandro Leit\u00e3o, que assegurou sua vaga no segundo turno, recebeu 480.174 votos, correspondendo a 34,33%. Esses n\u00fameros j\u00e1 indicavam uma polariza\u00e7\u00e3o na prefer\u00eancia dos eleitores de Fortaleza, com uma clara divis\u00e3o de apoio entre os dois candidatos.<\/p>\n<div>\n<p>A pesquisa revela, ainda, um dado crucial sobre o potencial de rejei\u00e7\u00e3o e de votos certos de ambos os candidatos. Andr\u00e9 Fernandes \u00e9 visto como o candidato certo para 40,5% dos eleitores, enquanto Evandro Leit\u00e3o \u00e9 a escolha segura para 32,1%. Al\u00e9m disso, 46,3% dos entrevistados declaram que n\u00e3o votariam em Evandro Leit\u00e3o sob nenhuma hip\u00f3tese, taxa superior aos 37,6% que rejeitam Andr\u00e9 Fernandes.\n<\/p>\n<h2 class=\"wp-block-heading\">An\u00e1lise da pesquisa espont\u00e2nea<\/h2>\n<p>Na pesquisa espont\u00e2nea, onde os nomes dos candidatos n\u00e3o s\u00e3o previamente apresentados, Andr\u00e9 Fernandes mant\u00e9m a dianteira com 35,6% das inten\u00e7\u00f5es de voto, contra 30% de Evandro Leit\u00e3o. Esse resultado confirma a lideran\u00e7a do candidato do PL tamb\u00e9m nesse tipo de levantamento.\n<\/p>\n<h2 class=\"wp-block-heading\">Metodologia da pesquisa<\/h2>\n<p>\u00a0<\/p>\n<p>Para elaborar o presente levantamento, a Paran\u00e1 Pesquisas entrevistou 800 eleitores entre os dias 7 e 10 de outubro. Com uma margem de erro de 3,5 pontos percentuais, a pesquisa apresenta um n\u00edvel de confian\u00e7a de 95%. Al\u00e9m disso, ela est\u00e1 oficialmente registrada no Tribunal Superior Eleitoral sob o n\u00famero CE02898\/2024.\n<\/p>\n<p>A medida que a disputa se aproxima da sua fase decisiva, a expectativa \u00e9 de que alterca\u00e7\u00f5es de campanha e debates possam influenciar ainda mais as elei\u00e7\u00f5es na capital cearense.\n<\/p>\n<p><strong>Terra Brasil Not\u00edcias\u00a0<\/strong>\n<\/p>\n<\/div>\n<p><br \/>\n<br \/><a href=\"https:\/\/diariodobrasilnoticias.com.br\/noticia\/andre-ernandes-pl-lidera-a-disputa-pela-prefeitura-de-fortaleza-em-relacao-ao-candidato-petista-670bcec947ae7\">Source link <\/a><\/p>","protected":false},"excerpt":{"rendered":"<p>O cen\u00e1rio pol\u00edtico em Fortaleza apresenta uma disputa acirrada para o segundo turno das elei\u00e7\u00f5es municipais entre Andr\u00e9 Fernandes (PL) e Evandro Leit\u00e3o (PT). Conforme a mais recente pesquisa realizada&hellip;<\/p>","protected":false},"author":1,"featured_media":47756,"comment_status":"closed","ping_status":"open","sticky":false,"template":"","format":"standard","meta":{"content-type":"","footnotes":""},"categories":[16],"tags":[123,2448,5313,1267],"class_list":["post-47755","post","type-post","status-publish","format-standard","has-post-thumbnail","hentry","category-noticias","tag-brasil","tag-diario","tag-noticia","tag-noticias"],"_links":{"self":[{"href":"https:\/\/tvbrazilusa.com\/pt\/wp-json\/wp\/v2\/posts\/47755","targetHints":{"allow":["GET"]}}],"collection":[{"href":"https:\/\/tvbrazilusa.com\/pt\/wp-json\/wp\/v2\/posts"}],"about":[{"href":"https:\/\/tvbrazilusa.com\/pt\/wp-json\/wp\/v2\/types\/post"}],"author":[{"embeddable":true,"href":"https:\/\/tvbrazilusa.com\/pt\/wp-json\/wp\/v2\/users\/1"}],"replies":[{"embeddable":true,"href":"https:\/\/tvbrazilusa.com\/pt\/wp-json\/wp\/v2\/comments?post=47755"}],"version-history":[{"count":1,"href":"https:\/\/tvbrazilusa.com\/pt\/wp-json\/wp\/v2\/posts\/47755\/revisions"}],"predecessor-version":[{"id":47757,"href":"https:\/\/tvbrazilusa.com\/pt\/wp-json\/wp\/v2\/posts\/47755\/revisions\/47757"}],"wp:featuredmedia":[{"embeddable":true,"href":"https:\/\/tvbrazilusa.com\/pt\/wp-json\/wp\/v2\/media\/47756"}],"wp:attachment":[{"href":"https:\/\/tvbrazilusa.com\/pt\/wp-json\/wp\/v2\/media?parent=47755"}],"wp:term":[{"taxonomy":"category","embeddable":true,"href":"https:\/\/tvbrazilusa.com\/pt\/wp-json\/wp\/v2\/categories?post=47755"},{"taxonomy":"post_tag","embeddable":true,"href":"https:\/\/tvbrazilusa.com\/pt\/wp-json\/wp\/v2\/tags?post=47755"}],"curies":[{"name":"wp","href":"https:\/\/api.w.org\/{rel}","templated":true}]}}