{"id":47767,"date":"2024-10-13T14:04:54","date_gmt":"2024-10-13T14:04:54","guid":{"rendered":"https:\/\/tvbrazilusa.com\/2024\/10\/13\/a-responsabilidade-do-elevador-esta-aumentando-inquilinos-defensores-e-politicos-de-jersey-city-querem-respostas-e-acoes\/"},"modified":"2024-10-13T14:23:34","modified_gmt":"2024-10-13T14:23:34","slug":"a-responsabilidade-do-elevador-esta-aumentando-inquilinos-defensores-e-politicos-de-jersey-city-querem-respostas-e-acoes","status":"publish","type":"post","link":"https:\/\/tvbrazilusa.com\/pt\/2024\/10\/13\/a-responsabilidade-do-elevador-esta-aumentando-inquilinos-defensores-e-politicos-de-jersey-city-querem-respostas-e-acoes\/","title":{"rendered":"A responsabilidade do elevador est\u00e1 aumentando? Inquilinos, defensores e pol\u00edticos de Jersey City querem respostas e a\u00e7\u00f5es"},"content":{"rendered":"<p> <script async src=\"https:\/\/pagead2.googlesyndication.com\/pagead\/js\/adsbygoogle.js?client=ca-pub-8864793242727901\"\r\n     crossorigin=\"anonymous\"><\/script><br \/>\n<br \/><img fetchpriority=\"high\" decoding=\"async\" src=\"https:\/\/www.nj.com\/resizer\/v2\/YRUAZ2MOTJDXTARQZG4UQ4LLQQ.JPG?width=5928&#038;height=3957&#038;auth=78225f72eed14df928ed7a9135464eb108a8f66dfbc5cf5ffca5718f865e7156&#038;smart=true\" alt=\"Houve problemas com o elevador do Boyd Mcguiness Senior Citizen Housing, em Jersey City, que os inquilinos exigem que sejam consertados. (Reena Rose Sibayan | The Jersey Journal)\" height=\"1200\" width=\"5928\" \/><img decoding=\"async\" src=\"https:\/\/www.nj.com\/resizer\/v2\/TB2VQSCU3BGPBFOLQ7LWZVMUTU.JPG?width=5723&#038;height=3820&#038;auth=c19120cad9e70648349d01350cc70e87e8350baeeeacae7419628dcb355b9cc6&#038;smart=true\" alt=\"Houve problemas com o elevador do Boyd Mcguiness Senior Citizen Housing, em Jersey City, que inquilinos, como George Flett, exigem que sejam consertados. (Reena Rose Sibayan | The Jersey Journal)\" height=\"1200\" width=\"5723\" \/><img decoding=\"async\" src=\"https:\/\/www.nj.com\/resizer\/v2\/T4EMXOPHORBETNDJRNUHRB24I4.JPG?width=5812&#038;height=3880&#038;auth=418829de2867ba31fdf09f674cab0a3752b673a7d9d33106ded84ea94011d9cc&#038;smart=true\" alt=\"Houve problemas com o elevador do Boyd Mcguiness Senior Citizen Housing, em Jersey City, que os inquilinos exigem que sejam consertados. (Reena Rose Sibayan | The Jersey Journal)\" height=\"1200\" width=\"5812\" \/><img loading=\"lazy\" decoding=\"async\" src=\"https:\/\/www.nj.com\/resizer\/v2\/5VSQRD5M6FHLLNRZPNFEVDYQD4.JPG?width=5844&#038;height=3901&#038;auth=ec887a6c20a8f972358669b8f430b047af217e91796246e51fe6b9b537772a75&#038;smart=true\" alt=\"Houve problemas com o elevador do Boyd Mcguiness Senior Citizen Housing, em Jersey City, que os inquilinos exigem que sejam consertados. (Reena Rose Sibayan | The Jersey Journal)\" height=\"1200\" width=\"5844\" \/><img loading=\"lazy\" decoding=\"async\" src=\"https:\/\/www.nj.com\/resizer\/v2\/724P4IXQZJADHDBF236TAKGYTI.JPG?width=5316&#038;height=3970&#038;auth=34255e878ff9990b44957804e1b36ba6829de03f0899b3ad9570389357b59422&#038;smart=true\" alt=\"Houve problemas com o elevador do Boyd Mcguiness Senior Citizen Housing, em Jersey City, que os inquilinos exigem que sejam consertados. (Reena Rose Sibayan | The Jersey Journal)\" height=\"1200\" width=\"5316\" \/><img loading=\"lazy\" decoding=\"async\" src=\"https:\/\/www.nj.com\/resizer\/v2\/QJZRDT436BDCNGGGFUAM6KWJWE.JPG?width=5407&#038;height=3609&#038;auth=f93e3bac69a68d9feba1ee94a0da1c0e8803050604543ff90c6c612ddddf5ffe&#038;smart=true\" alt=\"Um elevador quebrado em um pr\u00e9dio de apartamentos em Jersey City. (Reena Rose Sibayan | The Jersey Journal)\" height=\"1200\" width=\"5407\" \/><img loading=\"lazy\" decoding=\"async\" src=\"https:\/\/www.nj.com\/resizer\/v2\/YJZYU3DPYRBIDAC37CRSZKII2E.JPG?width=5856&#038;height=3909&#038;auth=7e23a568b24cfb89af9b977b8969de4e63e7c44a1f0be00f6663414050e15de6&#038;smart=true\" alt=\"Um elevador quebrado em um pr\u00e9dio de apartamentos em Jersey City. (Reena Rose Sibayan | The Jersey Journal)\" height=\"1200\" width=\"5856\" \/><img loading=\"lazy\" decoding=\"async\" src=\"https:\/\/www.nj.com\/resizer\/v2\/JXC54VQB2FHL7AHE6V2VMN5ETE.JPG?width=5317&#038;height=3549&#038;auth=1f2bc540eb60715951dd2d4e85cab6bdcdb8202165ad09ab81cbcecbae9e0ea6&#038;smart=true\" alt=\"Um elevador quebrado em um pr\u00e9dio de apartamentos em Jersey City. (Reena Rose Sibayan | The Jersey Journal)\" height=\"1200\" width=\"5317\" \/><img loading=\"lazy\" decoding=\"async\" src=\"https:\/\/www.nj.com\/resizer\/v2\/PF2L6TPZUBFZBPDF764YR3NRUY.JPG?width=6016&#038;height=4016&#038;auth=2cdaf48a0d9e9c3d88afb20ac358fdece622553fe51039381b05302879d6e1d5&#038;smart=true\" alt=\"Uma mensagem da empresa de elevadores postada ao lado de um elevador quebrado em um pr\u00e9dio de apartamentos em Jersey City em 13 de setembro de 2024. (Reena Rose Sibayan | The Jersey Journal)\" height=\"1200\" width=\"6016\" \/><img loading=\"lazy\" decoding=\"async\" src=\"https:\/\/www.nj.com\/resizer\/v2\/VXM7CD6TIVBQXBBR236JZV5RTA.JPG?width=5595&#038;height=3735&#038;auth=01e7842c02db36fdb78c6c6ddbd76fbd6fae0f8caa26d67e43c16cf00f910e81&#038;smart=true\" alt=\"Um elevador quebrado em um pr\u00e9dio de apartamentos em Jersey City. (Reena Rose Sibayan | The Jersey Journal)\" height=\"1200\" width=\"5595\" \/><\/p>\n<p>Cada vez que George Flett e Vicky Georgoulis entram em seu pr\u00e9dio de apartamentos de 14 andares, \u00e9 uma quest\u00e3o: os elevadores est\u00e3o funcionando ou eles ser\u00e3o respons\u00e1veis \u200b\u200b\u200b\u200bpor sua pr\u00f3xima doen\u00e7a.<\/p>\n<p><br \/>\n<br \/><a href=\"https:\/\/www.nj.com\/hudson\/2024\/10\/elevator-accountability-on-the-rise-jersey-city-tenants-advocates-and-pols-want-answers-and-action.html\">Source link <\/a><\/p>","protected":false},"excerpt":{"rendered":"<p>Cada vez que George Flett e Vicky Georgoulis entram em seu pr\u00e9dio de apartamentos de 14 andares, \u00e9 uma quest\u00e3o: os elevadores est\u00e3o funcionando ou eles ser\u00e3o respons\u00e1veis \u200b\u200b\u200b\u200bpor sua&hellip;<\/p>","protected":false},"author":1,"featured_media":47768,"comment_status":"closed","ping_status":"open","sticky":false,"template":"","format":"standard","meta":{"content-type":"","footnotes":""},"categories":[1],"tags":[3500],"class_list":["post-47767","post","type-post","status-publish","format-standard","has-post-thumbnail","hentry","category-uncategorized","tag-cidade-de-jersey"],"_links":{"self":[{"href":"https:\/\/tvbrazilusa.com\/pt\/wp-json\/wp\/v2\/posts\/47767","targetHints":{"allow":["GET"]}}],"collection":[{"href":"https:\/\/tvbrazilusa.com\/pt\/wp-json\/wp\/v2\/posts"}],"about":[{"href":"https:\/\/tvbrazilusa.com\/pt\/wp-json\/wp\/v2\/types\/post"}],"author":[{"embeddable":true,"href":"https:\/\/tvbrazilusa.com\/pt\/wp-json\/wp\/v2\/users\/1"}],"replies":[{"embeddable":true,"href":"https:\/\/tvbrazilusa.com\/pt\/wp-json\/wp\/v2\/comments?post=47767"}],"version-history":[{"count":1,"href":"https:\/\/tvbrazilusa.com\/pt\/wp-json\/wp\/v2\/posts\/47767\/revisions"}],"predecessor-version":[{"id":47769,"href":"https:\/\/tvbrazilusa.com\/pt\/wp-json\/wp\/v2\/posts\/47767\/revisions\/47769"}],"wp:featuredmedia":[{"embeddable":true,"href":"https:\/\/tvbrazilusa.com\/pt\/wp-json\/wp\/v2\/media\/47768"}],"wp:attachment":[{"href":"https:\/\/tvbrazilusa.com\/pt\/wp-json\/wp\/v2\/media?parent=47767"}],"wp:term":[{"taxonomy":"category","embeddable":true,"href":"https:\/\/tvbrazilusa.com\/pt\/wp-json\/wp\/v2\/categories?post=47767"},{"taxonomy":"post_tag","embeddable":true,"href":"https:\/\/tvbrazilusa.com\/pt\/wp-json\/wp\/v2\/tags?post=47767"}],"curies":[{"name":"wp","href":"https:\/\/api.w.org\/{rel}","templated":true}]}}