{"id":47781,"date":"2024-10-13T14:50:45","date_gmt":"2024-10-13T14:50:45","guid":{"rendered":"https:\/\/tvbrazilusa.com\/2024\/10\/13\/a-equipe-de-trump-solicita-avioes-equipados-com-sistemas-antimisseis\/"},"modified":"2024-10-13T14:50:46","modified_gmt":"2024-10-13T14:50:46","slug":"a-equipe-de-trump-solicita-avioes-equipados-com-sistemas-antimisseis","status":"publish","type":"post","link":"https:\/\/tvbrazilusa.com\/pt\/2024\/10\/13\/a-equipe-de-trump-solicita-avioes-equipados-com-sistemas-antimisseis\/","title":{"rendered":"A equipe de Trump solicita avi\u00f5es equipados com sistemas antim\u00edsseis"},"content":{"rendered":"<p> <script async src=\"https:\/\/pagead2.googlesyndication.com\/pagead\/js\/adsbygoogle.js?client=ca-pub-8864793242727901\"\r\n     crossorigin=\"anonymous\"><\/script><br \/>\n<\/p>\n<div id=\"taboola-read-more\" style=\"display:block; width:100%\">\n<p class=\"dark:base-text-neutral-high-400 base-text-[calc(theme(fontSize.xs)_*_var(--font-size,_1))] base-font-normal base-font-primary base-text-neutral-low-500 base-text-left\"><span class=\"b-article-body__text\">A equipe de campanha do ex-presidente e candidato republicano a um novo mandato \u00e0 frente da Casa Branca, Donald Trump, solicitou ao Servi\u00e7o Secreto americano o uso de aeronaves militares equipadas com sistemas capazes de detectar e impedir ataques de m\u00edsseis terra-ar.<\/span>\n<\/p>\n<p class=\"dark:base-text-neutral-high-400 base-text-[calc(theme(fontSize.xs)_*_var(--font-size,_1))] base-font-normal base-font-primary base-text-neutral-low-500 base-text-left\">\u00a0<\/p>\n<p class=\"dark:base-text-neutral-high-400 base-text-[calc(theme(fontSize.xs)_*_var(--font-size,_1))] base-font-normal base-font-primary base-text-neutral-low-500 base-text-left\"><span class=\"b-article-body__text\">As solicita\u00e7\u00f5es de seguran\u00e7a adicional foram feitas h\u00e1 duas semanas, mas s\u00f3 foram reveladas agora. Elas incluem tamb\u00e9m ve\u00edculos militares e monitoramento com drones equipados com c\u00e2meras t\u00e9rmicas.<\/span>\n<\/p>\n<p>\u00a0<\/p>\n<p class=\"dark:base-text-neutral-high-400 base-text-[calc(theme(fontSize.xs)_*_var(--font-size,_1))] base-font-normal base-font-primary base-text-neutral-low-500 base-text-left\"><span class=\"b-article-body__text\">A campanha tamb\u00e9m pediu a amplia\u00e7\u00e3o do uso de vidros bal\u00edsticos em estados onde a disputa por votos pode ser decisiva.<\/span>\n<\/p>\n<p class=\"dark:base-text-neutral-high-400 base-text-[calc(theme(fontSize.xs)_*_var(--font-size,_1))] base-font-normal base-font-primary base-text-neutral-low-500 base-text-left\"><span class=\"b-article-body__text\">O presidente Joe Biden deu o aval para que as solicita\u00e7\u00f5es fossem atendidas ao m\u00e1ximo: \u201cEu disse ao departamento para dar a ele tudo o que ele precisa, como se ele fosse um presidente em exerc\u00edcio\u201d, e completou: \u201cSe encaixa nessa categoria, tudo bem\u201d. Biden ainda ironizou: \u201cDesde que ele n\u00e3o pe\u00e7a F-15s\u201d, referindo-se aos ca\u00e7as militares.<\/span>\n<\/p>\n<p class=\"dark:base-text-neutral-high-400 base-text-[calc(theme(fontSize.xs)_*_var(--font-size,_1))] base-font-normal base-font-primary base-text-neutral-low-500 base-text-left\"><span class=\"b-article-body__text\">O refor\u00e7o da seguran\u00e7a, para a campanha de Trump, se justifica devido a amea\u00e7as constantes do Ir\u00e3 e pelas duas tentativas de assassinato j\u00e1 sofridas pelo candidato.<\/span>\n<\/p>\n<p class=\"dark:base-text-neutral-high-400 base-text-[calc(theme(fontSize.xs)_*_var(--font-size,_1))] base-font-normal base-font-primary base-text-neutral-low-500 base-text-left\">\u00a0\n<\/p>\n<p class=\"dark:base-text-neutral-high-400 base-text-[calc(theme(fontSize.xs)_*_var(--font-size,_1))] base-font-normal base-font-primary base-text-neutral-low-500 base-text-left\"><span class=\"b-article-body__text\">O Servi\u00e7o Secreto agora avalia todos os pedidos, mas j\u00e1 informou que o candidato tem recebido o mais alto n\u00edvel de seguran\u00e7a.<\/span>\n<\/p>\n<p class=\"dark:base-text-neutral-high-400 base-text-[calc(theme(fontSize.xs)_*_var(--font-size,_1))] base-font-normal base-font-primary base-text-neutral-low-500 base-text-left\"><strong><span class=\"b-article-body__text\">R7<\/span><\/strong> <\/p>\n<\/div>\n<p><br \/>\n<br \/><a href=\"https:\/\/diariodobrasilnoticias.com.br\/noticia\/a-equipe-de-trump-solicita-avioes-equipados-com-sistemas-antimisseis-670bc4335031d\">Source link <\/a><\/p>","protected":false},"excerpt":{"rendered":"<p>A equipe de campanha do ex-presidente e candidato republicano a um novo mandato \u00e0 frente da Casa Branca, Donald Trump, solicitou ao Servi\u00e7o Secreto americano o uso de aeronaves militares&hellip;<\/p>","protected":false},"author":1,"featured_media":47782,"comment_status":"closed","ping_status":"open","sticky":false,"template":"","format":"standard","meta":{"content-type":"","footnotes":""},"categories":[16],"tags":[123,2448,5313,1267],"class_list":["post-47781","post","type-post","status-publish","format-standard","has-post-thumbnail","hentry","category-noticias","tag-brasil","tag-diario","tag-noticia","tag-noticias"],"_links":{"self":[{"href":"https:\/\/tvbrazilusa.com\/pt\/wp-json\/wp\/v2\/posts\/47781","targetHints":{"allow":["GET"]}}],"collection":[{"href":"https:\/\/tvbrazilusa.com\/pt\/wp-json\/wp\/v2\/posts"}],"about":[{"href":"https:\/\/tvbrazilusa.com\/pt\/wp-json\/wp\/v2\/types\/post"}],"author":[{"embeddable":true,"href":"https:\/\/tvbrazilusa.com\/pt\/wp-json\/wp\/v2\/users\/1"}],"replies":[{"embeddable":true,"href":"https:\/\/tvbrazilusa.com\/pt\/wp-json\/wp\/v2\/comments?post=47781"}],"version-history":[{"count":1,"href":"https:\/\/tvbrazilusa.com\/pt\/wp-json\/wp\/v2\/posts\/47781\/revisions"}],"predecessor-version":[{"id":47783,"href":"https:\/\/tvbrazilusa.com\/pt\/wp-json\/wp\/v2\/posts\/47781\/revisions\/47783"}],"wp:featuredmedia":[{"embeddable":true,"href":"https:\/\/tvbrazilusa.com\/pt\/wp-json\/wp\/v2\/media\/47782"}],"wp:attachment":[{"href":"https:\/\/tvbrazilusa.com\/pt\/wp-json\/wp\/v2\/media?parent=47781"}],"wp:term":[{"taxonomy":"category","embeddable":true,"href":"https:\/\/tvbrazilusa.com\/pt\/wp-json\/wp\/v2\/categories?post=47781"},{"taxonomy":"post_tag","embeddable":true,"href":"https:\/\/tvbrazilusa.com\/pt\/wp-json\/wp\/v2\/tags?post=47781"}],"curies":[{"name":"wp","href":"https:\/\/api.w.org\/{rel}","templated":true}]}}