{"id":47841,"date":"2024-10-13T18:23:32","date_gmt":"2024-10-13T18:23:32","guid":{"rendered":"https:\/\/tvbrazilusa.com\/2024\/10\/13\/8-de-janeiro-moraes-vota-pela-condenacao-de-um-homem-que-participava-de-cultos-no-qg\/"},"modified":"2024-10-13T18:23:33","modified_gmt":"2024-10-13T18:23:33","slug":"8-de-janeiro-moraes-vota-pela-condenacao-de-um-homem-que-participava-de-cultos-no-qg","status":"publish","type":"post","link":"https:\/\/tvbrazilusa.com\/pt\/2024\/10\/13\/8-de-janeiro-moraes-vota-pela-condenacao-de-um-homem-que-participava-de-cultos-no-qg\/","title":{"rendered":"8 de janeiro: Moraes vota pela condena\u00e7\u00e3o de um homem que participava de cultos no QG"},"content":{"rendered":"<p> <script async src=\"https:\/\/pagead2.googlesyndication.com\/pagead\/js\/adsbygoogle.js?client=ca-pub-8864793242727901\"\r\n     crossorigin=\"anonymous\"><\/script><br \/>\n<\/p>\n<div id=\"taboola-read-more\" style=\"display:block; width:100%\">\n<p>O ministro Alexandre de Moraes, do Supremo Tribunal Federal (STF), votou para condenar o ambulante Agustavo Ferreira, de 56 anos, em virtude do 8 de janeiro.\n<\/p>\n<p>Ferreira foi preso pela Pol\u00edcia Federal no acampamento montado em frente ao Quartel-General (QG) de Bras\u00edlia, no dia seguinte \u00e0 manifesta\u00e7\u00e3o que depredou a Pra\u00e7a dos Tr\u00eas Poderes.<\/p>\n<p>De acordo com a decis\u00e3o do juiz do STF, o homem ter\u00e1 de cumprir um ano de reclus\u00e3o, al\u00e9m de uma s\u00e9rie de medidas (leia abaixo). O julgamento no plen\u00e1rio virtual ainda n\u00e3o terminou, por isso, os demais integrantes da Corte t\u00eam at\u00e9 18 de outubro para se manifestarem.\n<\/p>\n<p>Em depoimento, Ferreira afirmou que frequentava o acampamento para cerim\u00f4nias religiosas. \u201cQuase todo domingo, o pessoal da igreja que participo fazia um culto no QG, \u00e0s vezes, domingo eu ia, outro eu n\u00e3o ia, e em 8 de janeiro realmente teve um culto l\u00e1 nas imedia\u00e7\u00f5es do QG\u201d, contou Ferreira. \u201cFui para l\u00e1 e fiquei por ali mesmo. Foi quando houve o acontecido. Mais tarde, cercaram tudo e n\u00e3o tive como sair. Dessa forma, acabei dormindo no QG.\u201d\n<\/p>\n<h2>Medidas extras determinadas por Alexandre de Moraes<\/h2>\n<p>No voto, Moraes estabeleceu as seguintes medidas adicionais \u00e0 pena de um ano:\n<\/p>\n<ol>\n<li>Presta\u00e7\u00e3o de servi\u00e7os \u00e0 comunidade ou a entidades p\u00fablicas, pelo total de 225 horas (h), observados os limites mensais de cumprimento no m\u00ednimo de 30 h (trinta horas), em local a ser indicado pelo ju\u00edzo de execu\u00e7\u00e3o;<\/li>\n<li>Participa\u00e7\u00e3o presencial em curso elaborado pelo Minist\u00e9rio P\u00fablico Federal, com tem\u00e1tica sobre \u201cDemocracia, Estado de Direito e Golpe de Estado\u201d, com carga hor\u00e1ria de 12 h, distribu\u00edda em quatro m\u00f3dulos de 3 h a ser ministrado pelo ju\u00edzo da execu\u00e7\u00e3o;<\/li>\n<li>Proibi\u00e7\u00e3o de ausentar-se da comarca em que reside at\u00e9 a extin\u00e7\u00e3o da pena;<\/li>\n<li>Proibi\u00e7\u00e3o de utiliza\u00e7\u00e3o de redes sociais, at\u00e9 a extin\u00e7\u00e3o da pena;<\/li>\n<li>Manuten\u00e7\u00e3o da suspens\u00e3o dos passaportes emitidos pela Rep\u00fablica Federativa do Brasil, em nome do condenado;<\/li>\n<li>Revoga\u00e7\u00e3o de registro ou porte de arma de fogo, se existente;<\/li>\n<li>Vinte dias-multa, cada um no valor de meio sal\u00e1rio m\u00ednimo \u00e0 \u00e9poca dos fatos, pela pr\u00e1tica do crime previsto no artigo 286, par\u00e1grafo \u00fanico, do C\u00f3digo Penal (incita\u00e7\u00e3o ao crime equiparada pela animosidade das For\u00e7as Armadas contra os Poderes Constitucionais);<\/li>\n<li>R$ 5.000.000,00, como pagamento do valor m\u00ednimo indenizat\u00f3rio a t\u00edtulo de danos morais coletivos, a ser adimplido de forma solid\u00e1ria pelos demais condenados, em favor do fundo a que alude o art.13 da Lei 7.347\/1985.<\/li>\n<\/ol>\n<p>Conforme o defensor p\u00fablico Gustavo Ribeiro, que cuida do caso de Ferreira, o homem \u00e9 simples e n\u00e3o tem sequer um celular para fazer a audi\u00eancia on-line. \u201cEle vende rodos como ambulante\u201d, observou Ribeiro.\n<\/p>\n<p><strong>Revista Oeste\u00a0<\/strong> <\/p>\n<\/div>\n<p><br \/>\n<br \/><a href=\"https:\/\/diariodobrasilnoticias.com.br\/noticia\/8-de-janeiro-moraes-vota-pela-condenacao-de-um-homem-que-participava-de-cultos-no-qg-670bf0c6a8d8e\">Source link <\/a><\/p>","protected":false},"excerpt":{"rendered":"<p>O ministro Alexandre de Moraes, do Supremo Tribunal Federal (STF), votou para condenar o ambulante Agustavo Ferreira, de 56 anos, em virtude do 8 de janeiro. Ferreira foi preso pela&hellip;<\/p>","protected":false},"author":1,"featured_media":47842,"comment_status":"closed","ping_status":"open","sticky":false,"template":"","format":"standard","meta":{"content-type":"","footnotes":""},"categories":[16],"tags":[123,2448,5313,1267],"class_list":["post-47841","post","type-post","status-publish","format-standard","has-post-thumbnail","hentry","category-noticias","tag-brasil","tag-diario","tag-noticia","tag-noticias"],"_links":{"self":[{"href":"https:\/\/tvbrazilusa.com\/pt\/wp-json\/wp\/v2\/posts\/47841","targetHints":{"allow":["GET"]}}],"collection":[{"href":"https:\/\/tvbrazilusa.com\/pt\/wp-json\/wp\/v2\/posts"}],"about":[{"href":"https:\/\/tvbrazilusa.com\/pt\/wp-json\/wp\/v2\/types\/post"}],"author":[{"embeddable":true,"href":"https:\/\/tvbrazilusa.com\/pt\/wp-json\/wp\/v2\/users\/1"}],"replies":[{"embeddable":true,"href":"https:\/\/tvbrazilusa.com\/pt\/wp-json\/wp\/v2\/comments?post=47841"}],"version-history":[{"count":1,"href":"https:\/\/tvbrazilusa.com\/pt\/wp-json\/wp\/v2\/posts\/47841\/revisions"}],"predecessor-version":[{"id":47843,"href":"https:\/\/tvbrazilusa.com\/pt\/wp-json\/wp\/v2\/posts\/47841\/revisions\/47843"}],"wp:featuredmedia":[{"embeddable":true,"href":"https:\/\/tvbrazilusa.com\/pt\/wp-json\/wp\/v2\/media\/47842"}],"wp:attachment":[{"href":"https:\/\/tvbrazilusa.com\/pt\/wp-json\/wp\/v2\/media?parent=47841"}],"wp:term":[{"taxonomy":"category","embeddable":true,"href":"https:\/\/tvbrazilusa.com\/pt\/wp-json\/wp\/v2\/categories?post=47841"},{"taxonomy":"post_tag","embeddable":true,"href":"https:\/\/tvbrazilusa.com\/pt\/wp-json\/wp\/v2\/tags?post=47841"}],"curies":[{"name":"wp","href":"https:\/\/api.w.org\/{rel}","templated":true}]}}