{"id":47847,"date":"2024-10-13T18:39:20","date_gmt":"2024-10-13T18:39:20","guid":{"rendered":"https:\/\/tvbrazilusa.com\/2024\/10\/13\/as-vitimas-da-queda-do-helicoptero-sao-veladas-em-belo-horizonte\/"},"modified":"2024-10-13T18:39:21","modified_gmt":"2024-10-13T18:39:21","slug":"as-vitimas-da-queda-do-helicoptero-sao-veladas-em-belo-horizonte","status":"publish","type":"post","link":"https:\/\/tvbrazilusa.com\/pt\/2024\/10\/13\/as-vitimas-da-queda-do-helicoptero-sao-veladas-em-belo-horizonte\/","title":{"rendered":"As v\u00edtimas da queda do helic\u00f3ptero s\u00e3o veladas em Belo Horizonte."},"content":{"rendered":"<p> <script async src=\"https:\/\/pagead2.googlesyndication.com\/pagead\/js\/adsbygoogle.js?client=ca-pub-8864793242727901\"\r\n     crossorigin=\"anonymous\"><\/script><br \/>\n<\/p>\n<div id=\"taboola-read-more\" style=\"display:block; width:100%\">\n<p>Os corpos dos quatro bombeiros, do m\u00e9dico e do enfermeiro que morreram na queda do helic\u00f3ptero est\u00e3o sendo velados em Belo Horizonte, capital de Minas Gerais, neste domingo (13\/10).\n<\/p>\n<p>A cerim\u00f4nia ocorre no gin\u00e1sio poliesportivo do Col\u00e9gio Santa Marcelina e os enterros est\u00e3o marcados para as 15h30.<\/p>\n<p>A aeronave caiu nessa sexta-feira (11\/10), enquanto o grupo ajudava nas buscas de um um monomotor em Ouro Preto, regi\u00e3o Central de Minas Gerais.\n<\/p>\n<p>As v\u00edtimas s\u00e3o o capit\u00e3o Wilker Tadeu Alves da Silva e os sargentos Welerson Gon\u00e7alves Filgueiros e Gabriel Ferreira Lima e Silva, que ser\u00e3o enterrados no Cemit\u00e9rio do Bonfim.\n<\/p>\n<p>Al\u00e9m deles, o tenente Victor Stehling Schirmer e o enfermeiro Bruno Sud\u00e1rio Fran\u00e7a ser\u00e3o sepultados no Cemit\u00e9rio Bosque da Esperan\u00e7a e o m\u00e9dico Marcos Rodrigo Trindade, no Cemit\u00e9rio Parque da Colina.\n<\/p>\n<p>O governador do estado, Romeu Zema (Novo), passou pelo vel\u00f3rio. Outros pol\u00edticos tamb\u00e9m prestaram condol\u00eancias aos parentes das v\u00edtimas, entre eles o assessor especial do Minist\u00e9rio dos Direitos Humanos, Nilm\u00e1rio Miranda, que representava o presidente Lula, e a ministra dos Direitos Humanos e da Cidadania, Maca\u00e9 Evaristo dos Santos.\n<\/p>\n<p>Os secret\u00e1rios de estado de Justi\u00e7a e Seguran\u00e7a P\u00fablica, Rog\u00e9rio Grecco; e de Sa\u00fade, F\u00e1bio Bacheretti; o procurador-geral de Justi\u00e7a, Jarbas Soares; militares do Corpo de Bombeiros e Pol\u00edcia Militar e profissionais do Servi\u00e7o de Atendimento M\u00f3vel de Urg\u00eancia (Samu) tamb\u00e9m prestaram as \u00faltimas homenagens.\n<\/p>\n<p><strong>Metr\u00f3poles<\/strong>\u00a0 <\/p>\n<\/div>\n<p><br \/>\n<br \/><a href=\"https:\/\/diariodobrasilnoticias.com.br\/noticia\/as-vitimas-da-queda-do-helicoptero-sao-veladas-em-belo-horizonte-670beba33e2d0\">Source link <\/a><\/p>","protected":false},"excerpt":{"rendered":"<p>Os corpos dos quatro bombeiros, do m\u00e9dico e do enfermeiro que morreram na queda do helic\u00f3ptero est\u00e3o sendo velados em Belo Horizonte, capital de Minas Gerais, neste domingo (13\/10). A&hellip;<\/p>","protected":false},"author":1,"featured_media":47848,"comment_status":"closed","ping_status":"open","sticky":false,"template":"","format":"standard","meta":{"content-type":"","footnotes":""},"categories":[16],"tags":[123,2448,5313,1267],"class_list":["post-47847","post","type-post","status-publish","format-standard","has-post-thumbnail","hentry","category-noticias","tag-brasil","tag-diario","tag-noticia","tag-noticias"],"_links":{"self":[{"href":"https:\/\/tvbrazilusa.com\/pt\/wp-json\/wp\/v2\/posts\/47847","targetHints":{"allow":["GET"]}}],"collection":[{"href":"https:\/\/tvbrazilusa.com\/pt\/wp-json\/wp\/v2\/posts"}],"about":[{"href":"https:\/\/tvbrazilusa.com\/pt\/wp-json\/wp\/v2\/types\/post"}],"author":[{"embeddable":true,"href":"https:\/\/tvbrazilusa.com\/pt\/wp-json\/wp\/v2\/users\/1"}],"replies":[{"embeddable":true,"href":"https:\/\/tvbrazilusa.com\/pt\/wp-json\/wp\/v2\/comments?post=47847"}],"version-history":[{"count":1,"href":"https:\/\/tvbrazilusa.com\/pt\/wp-json\/wp\/v2\/posts\/47847\/revisions"}],"predecessor-version":[{"id":47849,"href":"https:\/\/tvbrazilusa.com\/pt\/wp-json\/wp\/v2\/posts\/47847\/revisions\/47849"}],"wp:featuredmedia":[{"embeddable":true,"href":"https:\/\/tvbrazilusa.com\/pt\/wp-json\/wp\/v2\/media\/47848"}],"wp:attachment":[{"href":"https:\/\/tvbrazilusa.com\/pt\/wp-json\/wp\/v2\/media?parent=47847"}],"wp:term":[{"taxonomy":"category","embeddable":true,"href":"https:\/\/tvbrazilusa.com\/pt\/wp-json\/wp\/v2\/categories?post=47847"},{"taxonomy":"post_tag","embeddable":true,"href":"https:\/\/tvbrazilusa.com\/pt\/wp-json\/wp\/v2\/tags?post=47847"}],"curies":[{"name":"wp","href":"https:\/\/api.w.org\/{rel}","templated":true}]}}