{"id":47868,"date":"2024-10-13T19:18:32","date_gmt":"2024-10-13T19:18:32","guid":{"rendered":"https:\/\/tvbrazilusa.com\/2024\/10\/13\/apagao-na-grande-sao-paulo-chega-ao-terceiro-dia-sem-prazo-para-volta-da-energia\/"},"modified":"2024-10-13T19:18:33","modified_gmt":"2024-10-13T19:18:33","slug":"apagao-na-grande-sao-paulo-chega-ao-terceiro-dia-sem-prazo-para-volta-da-energia","status":"publish","type":"post","link":"https:\/\/tvbrazilusa.com\/pt\/2024\/10\/13\/apagao-na-grande-sao-paulo-chega-ao-terceiro-dia-sem-prazo-para-volta-da-energia\/","title":{"rendered":"Apag\u00e3o na Grande S\u00e3o Paulo chega ao terceiro dia, sem prazo para volta da energia"},"content":{"rendered":"<p> <script async src=\"https:\/\/pagead2.googlesyndication.com\/pagead\/js\/adsbygoogle.js?client=ca-pub-8864793242727901\"\r\n     crossorigin=\"anonymous\"><\/script><br \/>\n<\/p>\n<div id=\"taboola-read-more\" style=\"display:block; width:100%\">\n<p>O apag\u00e3o que atinge diferentes munic\u00edpios da Grande S\u00e3o Paulo desde o temporal de sexta-feira (11) chegou ao terceiro dia neste domingo (13). At\u00e9 o momento, a <a title=\"https:\/\/noticias.r7.com\/sao-paulo\/concessao-da-enel-fica-em-risco-apos-terceiro-grande-apagao-em-menos-de-um-ano-em-sp-13102024\/\" href=\"https:\/\/noticias.r7.com\/sao-paulo\/concessao-da-enel-fica-em-risco-apos-terceiro-grande-apagao-em-menos-de-um-ano-em-sp-13102024\/\">Enel n\u00e3o divulgou um prazo oficial para a normaliza\u00e7\u00e3o<\/a> do fornecimento de energia na capital paulista e em outras cidades da regi\u00e3o metropolitana, como S\u00e3o Bernardo do Campo, Santo Andr\u00e9, Tabo\u00e3o da Serra, S\u00e3o Caetano do Sul e Cotia, dentre outras. Ao todo, s\u00e3o mais de 36 horas sem luz.<\/p>\n<p>A concession\u00e1ria de energia divulgou um balan\u00e7o do total de afetados na manh\u00e3 de hoje. No momento, cerca de 900 mil clientes seguem sem luz, ou quase 11% da base de clientes da distribuidora. Em nota, a Enel disse que, \u201cem alguns casos, o trabalho para restabelecer a energia \u00e9 mais complexo, pois envolve a reconstru\u00e7\u00e3o de trechos inteiros da rede&#8221;.\n<\/p>\n<p class=\"dark:base-text-neutral-high-400 base-text-[calc(theme(fontSize.xs)_*_var(--font-size,_1))] base-font-normal base-font-primary base-text-neutral-low-500 base-text-left\"><span class=\"b-article-body__text\">At\u00e9 as 8h de domingo, cerca de 1,2 milh\u00e3o de clientes tiveram o servi\u00e7o restabelecido, segundo a concession\u00e1ria.<\/span><\/p>\n<p>\u00a0<\/p>\n<p class=\"dark:base-text-neutral-high-400 base-text-[calc(theme(fontSize.xs)_*_var(--font-size,_1))] base-font-normal base-font-primary base-text-neutral-low-500 base-text-left\"><span class=\"b-article-body__text\">Na capital, o apag\u00e3o atingiu todas as regi\u00f5es. Entre moradores, h\u00e1 relatos de continuidade da falta de energia em diversos bairros, como Interlagos, Santo Amaro, Vila das Merc\u00eas, Panamby, Jabaquara, Campo Limpo, Ch\u00e1cara Santo Ant\u00f4nio, Cidade Ademar, Cupec\u00ea e American\u00f3polis, na zona sul, e Alto da Lapa e Pinheiros na oeste, e Mooca, na leste.<\/span><\/p>\n<p>Em novembro do ano passado, alguns locais chegaram a ficar sem energia por uma semana. Com a falta de energia, moradores e comerciantes t\u00eam relatado problemas e preju\u00edzos. Tamb\u00e9m h\u00e1 dificuldade para a fluidez do tr\u00e2nsito em trechos da cidade, onde a falta de energia deixou sem\u00e1foros inoperantes.<\/p>\n<p>Al\u00e9m disso, h\u00e1 diversas \u00e1rvores que precisam ser removidas de vias e espa\u00e7os p\u00fablicos e privados. Segundo a Prefeitura, a UPA Santo Amaro e mais estabelecimentos essenciais est\u00e3o funcionando com geradores.<\/p>\n<p>De acordo com o CGE (Centro de Gerenciamento de Emerg\u00eancias Clim\u00e1ticas) da Prefeitura, n\u00e3o h\u00e1 previs\u00e3o de chuva para este domingo.\n<\/p>\n<h3 class=\"dark:base-text-neutral-high-400 base-text-md base-font-semibold base-font-primary base-text-neutral-low-500\">Preju\u00edzos generalizados<\/h3>\n<p class=\"dark:base-text-neutral-high-400 base-text-[calc(theme(fontSize.xs)_*_var(--font-size,_1))] base-font-normal base-font-primary base-text-neutral-low-500 base-text-left\"><span class=\"b-article-body__text\">No s\u00e1bado, espa\u00e7os culturais tiveram de cancelar apresenta\u00e7\u00f5es por causa da falta de energia. O Theatro S\u00e3o Pedro, no entorno da Barra Funda, no centro expandido, informou que precisaria passar por uma manuten\u00e7\u00e3o antes do retorno da programa\u00e7\u00e3o de espet\u00e1culos.<\/span><\/p>\n<p>Em Pinheiros, na zona oeste, estabelecimentos que abrem \u00e0 noite tamb\u00e9m n\u00e3o tiveram funcionamento normalizado, como o \u00d3 do Borogod\u00f3, que cancelou uma apresenta\u00e7\u00e3o em homenagem a Cartola.<\/p>\n<p>No s\u00e1bado, a Fhoresp (Federa\u00e7\u00e3o de Hot\u00e9is, Restaurantes e Bares do Estado de S\u00e3o Paulo) anunciou que vai acionar judicialmente a Enel, a fim de responsabiliz\u00e1-la por preju\u00edzos causados ao setor devido ao apag\u00e3o. A entidade diz representar mais de 502 mil estabelecimentos, dos quais cerca de metade em regi\u00f5es afetadas.<\/p>\n<p>A organiza\u00e7\u00e3o tamb\u00e9m lembrou que o apag\u00e3o de novembro do ano passado teria causado um preju\u00edzo de cerca de R$ 500 milh\u00f5es. \u201cA medida legal \u00e9 necess\u00e1ria, tendo em vista os danos milion\u00e1rios causados aos estabelecimentos gastron\u00f4micos\u201d, apontou em comunicado.\n<\/p>\n<p class=\"dark:base-text-neutral-high-400 base-text-[calc(theme(fontSize.xs)_*_var(--font-size,_1))] base-font-normal base-font-primary base-text-neutral-low-500 base-text-left\">R7\u00a0 <\/p>\n<\/div>\n<p><br \/>\n<br \/><a href=\"https:\/\/diariodobrasilnoticias.com.br\/noticia\/apagao-na-grande-sao-paulo-chega-ao-terceiro-dia-sem-prazo-para-volta-da-energia-670c164b4bdaf\">Source link <\/a><\/p>","protected":false},"excerpt":{"rendered":"<p>O apag\u00e3o que atinge diferentes munic\u00edpios da Grande S\u00e3o Paulo desde o temporal de sexta-feira (11) chegou ao terceiro dia neste domingo (13). At\u00e9 o momento, a Enel n\u00e3o divulgou&hellip;<\/p>","protected":false},"author":1,"featured_media":47869,"comment_status":"closed","ping_status":"open","sticky":false,"template":"","format":"standard","meta":{"content-type":"","footnotes":""},"categories":[16],"tags":[123,2448,5313,1267],"class_list":["post-47868","post","type-post","status-publish","format-standard","has-post-thumbnail","hentry","category-noticias","tag-brasil","tag-diario","tag-noticia","tag-noticias"],"_links":{"self":[{"href":"https:\/\/tvbrazilusa.com\/pt\/wp-json\/wp\/v2\/posts\/47868","targetHints":{"allow":["GET"]}}],"collection":[{"href":"https:\/\/tvbrazilusa.com\/pt\/wp-json\/wp\/v2\/posts"}],"about":[{"href":"https:\/\/tvbrazilusa.com\/pt\/wp-json\/wp\/v2\/types\/post"}],"author":[{"embeddable":true,"href":"https:\/\/tvbrazilusa.com\/pt\/wp-json\/wp\/v2\/users\/1"}],"replies":[{"embeddable":true,"href":"https:\/\/tvbrazilusa.com\/pt\/wp-json\/wp\/v2\/comments?post=47868"}],"version-history":[{"count":1,"href":"https:\/\/tvbrazilusa.com\/pt\/wp-json\/wp\/v2\/posts\/47868\/revisions"}],"predecessor-version":[{"id":47870,"href":"https:\/\/tvbrazilusa.com\/pt\/wp-json\/wp\/v2\/posts\/47868\/revisions\/47870"}],"wp:featuredmedia":[{"embeddable":true,"href":"https:\/\/tvbrazilusa.com\/pt\/wp-json\/wp\/v2\/media\/47869"}],"wp:attachment":[{"href":"https:\/\/tvbrazilusa.com\/pt\/wp-json\/wp\/v2\/media?parent=47868"}],"wp:term":[{"taxonomy":"category","embeddable":true,"href":"https:\/\/tvbrazilusa.com\/pt\/wp-json\/wp\/v2\/categories?post=47868"},{"taxonomy":"post_tag","embeddable":true,"href":"https:\/\/tvbrazilusa.com\/pt\/wp-json\/wp\/v2\/tags?post=47868"}],"curies":[{"name":"wp","href":"https:\/\/api.w.org\/{rel}","templated":true}]}}