{"id":47918,"date":"2024-10-13T22:28:06","date_gmt":"2024-10-13T22:28:06","guid":{"rendered":"https:\/\/tvbrazilusa.com\/2024\/10\/13\/morre-washington-olivetto\/"},"modified":"2024-10-13T22:28:07","modified_gmt":"2024-10-13T22:28:07","slug":"morre-washington-olivetto","status":"publish","type":"post","link":"https:\/\/tvbrazilusa.com\/pt\/2024\/10\/13\/morre-washington-olivetto\/","title":{"rendered":"Morre Washington Olivetto"},"content":{"rendered":"<p> <script async src=\"https:\/\/pagead2.googlesyndication.com\/pagead\/js\/adsbygoogle.js?client=ca-pub-8864793242727901\"\r\n     crossorigin=\"anonymous\"><\/script><br \/>\n<\/p>\n<div id=\"content_post\">\n<p>O publicit\u00e1rio <strong>Washington Olivetto<\/strong> (foto) morreu neste domingo, aos 73 anos, em decorr\u00eancia de <strong>complica\u00e7\u00f5es em uma cirurgia de pulm\u00e3o<\/strong>.\u00a0<\/p>\n<p>Ele estava internado h\u00e1 quatro meses no Hospital Copa Star, no Rio de Janeiro.\n<\/p>\n<p><em>Washington Olivetto na tarde deste domingo (13) e se solidariza com a fam\u00edlia e amigos por essa irrepar\u00e1vel perda. O hospital tamb\u00e9m informa que n\u00e3o tem autoriza\u00e7\u00e3o da fam\u00edlia para divulgar mais detalhes.\u201d<\/em>\n<\/p>\n<p>Conhecido por ser o criador das campanhas da <strong>Bombril,<\/strong> Olivetto ganhou mais de 50 Le\u00f5es no <strong>Festival de Publicidade de Cannes<\/strong>. Nos anos 1980, fundou sua pr\u00f3pria ag\u00eancia, a <strong>WBrasil<\/strong>.<br \/>Em 1987, ele lan\u00e7ou uma campanha publicit\u00e1ria para a marca Valis\u00e8re que se tornou ic\u00f4nica: a do Primeiro Suti\u00e3. Em entrevistas, Olivetto afirmou que essa campanha era uma de suas cria\u00e7\u00f5es mais \u201cemblem\u00e1ticas\u201d.<\/p>\n<p>O Antagonista\u00a0\n<\/p>\n<\/div>\n<p><br \/>\n<br \/><a href=\"https:\/\/diariodobrasilnoticias.com.br\/noticia\/morre-washington-olivetto-670c3da443aa0\">Source link <\/a><\/p>","protected":false},"excerpt":{"rendered":"<p>O publicit\u00e1rio Washington Olivetto (foto) morreu neste domingo, aos 73 anos, em decorr\u00eancia de complica\u00e7\u00f5es em uma cirurgia de pulm\u00e3o.\u00a0 Ele estava internado h\u00e1 quatro meses no Hospital Copa Star,&hellip;<\/p>","protected":false},"author":1,"featured_media":47919,"comment_status":"closed","ping_status":"open","sticky":false,"template":"","format":"standard","meta":{"content-type":"","footnotes":""},"categories":[16],"tags":[123,2448,5313,1267],"class_list":["post-47918","post","type-post","status-publish","format-standard","has-post-thumbnail","hentry","category-noticias","tag-brasil","tag-diario","tag-noticia","tag-noticias"],"_links":{"self":[{"href":"https:\/\/tvbrazilusa.com\/pt\/wp-json\/wp\/v2\/posts\/47918","targetHints":{"allow":["GET"]}}],"collection":[{"href":"https:\/\/tvbrazilusa.com\/pt\/wp-json\/wp\/v2\/posts"}],"about":[{"href":"https:\/\/tvbrazilusa.com\/pt\/wp-json\/wp\/v2\/types\/post"}],"author":[{"embeddable":true,"href":"https:\/\/tvbrazilusa.com\/pt\/wp-json\/wp\/v2\/users\/1"}],"replies":[{"embeddable":true,"href":"https:\/\/tvbrazilusa.com\/pt\/wp-json\/wp\/v2\/comments?post=47918"}],"version-history":[{"count":1,"href":"https:\/\/tvbrazilusa.com\/pt\/wp-json\/wp\/v2\/posts\/47918\/revisions"}],"predecessor-version":[{"id":47920,"href":"https:\/\/tvbrazilusa.com\/pt\/wp-json\/wp\/v2\/posts\/47918\/revisions\/47920"}],"wp:featuredmedia":[{"embeddable":true,"href":"https:\/\/tvbrazilusa.com\/pt\/wp-json\/wp\/v2\/media\/47919"}],"wp:attachment":[{"href":"https:\/\/tvbrazilusa.com\/pt\/wp-json\/wp\/v2\/media?parent=47918"}],"wp:term":[{"taxonomy":"category","embeddable":true,"href":"https:\/\/tvbrazilusa.com\/pt\/wp-json\/wp\/v2\/categories?post=47918"},{"taxonomy":"post_tag","embeddable":true,"href":"https:\/\/tvbrazilusa.com\/pt\/wp-json\/wp\/v2\/tags?post=47918"}],"curies":[{"name":"wp","href":"https:\/\/api.w.org\/{rel}","templated":true}]}}