{"id":4794,"date":"2024-07-21T00:00:00","date_gmt":"2024-07-21T00:00:00","guid":{"rendered":"https:\/\/tvbrazilusa.com\/2024\/07\/21\/fred-luz-ceo-do-corinthians-ainda-precisa-assinar-contrato-com-o-clube\/"},"modified":"2024-07-21T00:09:16","modified_gmt":"2024-07-21T00:09:16","slug":"fred-luz-ceo-do-corinthians-ainda-precisa-assinar-contrato-com-o-clube","status":"publish","type":"post","link":"https:\/\/tvbrazilusa.com\/pt\/2024\/07\/21\/fred-luz-ceo-do-corinthians-ainda-precisa-assinar-contrato-com-o-clube\/","title":{"rendered":"Fred Luz, CEO do Corinthians, ainda precisa assinar contrato com o clube"},"content":{"rendered":"<p> <script async src=\"https:\/\/pagead2.googlesyndication.com\/pagead\/js\/adsbygoogle.js?client=ca-pub-8864793242727901\"\r\n     crossorigin=\"anonymous\"><\/script><br \/>\n<\/p>\n<div>\n<p>Na \u00faltima sexta-feira, a torcida do <a href=\"https:\/\/www.corinthians.com.br\/\" target=\"_blank\" rel=\"noreferrer noopener\">Corinthians<\/a> ficou atenta ao desenrolar de uma situa\u00e7\u00e3o que envolve Fred Luz, <a href=\"https:\/\/terrabrasilnoticias.com\/2024\/07\/corinthians-contrata-novo-ceo-e-compara-o-timao-ao-flamengo\/\" target=\"_blank\" rel=\"noreferrer noopener\">recentemente apontado como o novo CEO do clube<\/a>. Embora apresentado no dia 3, at\u00e9 agora, ele n\u00e3o formalizou sua entrada com a assinatura do contrato. A complica\u00e7\u00e3o surge por conta da rela\u00e7\u00e3o entre Fred Luz e a Alvarez &#038; Marsal, consultoria da qual \u00e9 s\u00f3cio. Ele j\u00e1 indicou que n\u00e3o cogita abandonar suas atividades na firma para assumir um compromisso exclusivo com o clube paulista.<\/p>\n<p>Dentro desse contexto, a diretoria do Tim\u00e3o, <a href=\"https:\/\/terrabrasilnoticias.com\/2024\/06\/conselho-mobiliza-maioria-para-decisao-historica-de-impeachment-de-augusto\/\" target=\"_blank\" rel=\"noreferrer noopener\">liderada por Augusto Melo<\/a>, avan\u00e7ou com uma solu\u00e7\u00e3o criativa: prop\u00f4s que a empresa de Luz seja contratada como uma consultoria para o Corinthians. Este arranjo permitiria que Luz n\u00e3o ocupasse o cargo de CEO tradicionalmente, mas ainda assim contribuiria com suas vis\u00f5es e estrat\u00e9gias via um comit\u00ea gestor.<\/p>\n<div class=\"wp-block-image\">\n<figure class=\"aligncenter size-full\"><picture decoding=\"async\" class=\"wp-image-148689\"><source type=\"image\/webp\" srcset=\"https:\/\/terrabrasilnoticias.com\/wp-content\/uploads\/2024\/07\/Rodrigo-Coca-Agencia-Corinthians-1-scaled.jpg.webp 2560w, https:\/\/terrabrasilnoticias.com\/wp-content\/uploads\/2024\/07\/Rodrigo-Coca-Agencia-Corinthians-1-300x212.jpg.webp 300w, https:\/\/terrabrasilnoticias.com\/wp-content\/uploads\/2024\/07\/Rodrigo-Coca-Agencia-Corinthians-1-1024x722.jpg.webp 1024w, https:\/\/terrabrasilnoticias.com\/wp-content\/uploads\/2024\/07\/Rodrigo-Coca-Agencia-Corinthians-1-768x541.jpg.webp 768w, https:\/\/terrabrasilnoticias.com\/wp-content\/uploads\/2024\/07\/Rodrigo-Coca-Agencia-Corinthians-1-1536x1083.jpg.webp 1536w, https:\/\/terrabrasilnoticias.com\/wp-content\/uploads\/2024\/07\/Rodrigo-Coca-Agencia-Corinthians-1-2048x1444.jpg.webp 2048w, https:\/\/terrabrasilnoticias.com\/wp-content\/uploads\/2024\/07\/Rodrigo-Coca-Agencia-Corinthians-1-120x86.jpg.webp 120w, https:\/\/terrabrasilnoticias.com\/wp-content\/uploads\/2024\/07\/Rodrigo-Coca-Agencia-Corinthians-1-750x529.jpg.webp 750w, https:\/\/terrabrasilnoticias.com\/wp-content\/uploads\/2024\/07\/Rodrigo-Coca-Agencia-Corinthians-1-1140x804.jpg.webp 1140w\" sizes=\"(max-width: 2560px) 100vw, 2560px\"\/><\/picture><figcaption class=\"wp-element-caption\">Foto: Rodrigo Coca Ag\u00eancia \/ Corinthians <\/figcaption><\/figure>\n<\/div>\n<h2 class=\"wp-block-heading\">Por que o Corinthians insiste em contar com Fred Luz?<\/h2>\n<p><strong>Fred Luz<\/strong> ganhou notoriedade por seu trabalho revolucion\u00e1rio no Flamengo, conduzindo o clube a uma nova era de prosperidade financeira sob a administra\u00e7\u00e3o de Bandeira de Mello. Foi essa transforma\u00e7\u00e3o que chamou a aten\u00e7\u00e3o do Corinthians, um clube que vem enfrentando suas pr\u00f3prias dificuldades econ\u00f4micas e v\u00ea em Luz a figura ideal para liderar uma recupera\u00e7\u00e3o semelhante.<\/p>\n<h2 class=\"wp-block-heading\">Como funcionaria a nova din\u00e2mica de Fred Luz no Corinthians?<\/h2>\n<p>A ideia \u00e9 que Fred Luz e a Alvarez &#038; Marsal forne\u00e7am orienta\u00e7\u00f5es estrat\u00e9gicas sem que Luz precise se desligar de suas outras responsabilidades. Sua empresa atuaria como uma <strong>consultoria<\/strong>, formando um elo entre a vis\u00e3o inovadora de Luz e a execu\u00e7\u00e3o das opera\u00e7\u00f5es pelo clube. Assim, ele participaria ativamente do planejamento e da execu\u00e7\u00e3o de medidas sem assumir o posto de maneira convencional.<\/p>\n<h2 class=\"wp-block-heading\">Qual o impacto esperado para o Corinthians?<\/h2>\n<p>Trata-se de um modelo n\u00e3o convencional de gest\u00e3o, mas que pode ser extremamente ben\u00e9fico para o Corinthians. Ter um profissional com o calibre de Fred Luz, mesmo que indiretamente, somado \u00e0 sua empresa de consultoria especializada, pode significar um caminho vi\u00e1vel para a implementa\u00e7\u00e3o de reformas profundas e sustent\u00e1veis na estrutura financeira e administrativa do clube.<\/p>\n<p>Enquanto os torcedores aguardam a defini\u00e7\u00e3o deste impasse, a expectativa \u00e9 que a solu\u00e7\u00e3o proposta aproveitar a per\u00edcia de Luz sem que isso signifique um sacrif\u00edcio para suas atividades atuais. Se o Corinthians conseguir implementar essa estrat\u00e9gia, poder\u00e1 ser um marco tanto para o clube quanto para o futebol brasileiro em termos de gest\u00e3o esportiva.<\/p>\n<p>Resta agora acompanhar as pr\u00f3ximas jogadas dessa negocia\u00e7\u00e3o, que tem tudo para ser decisiva para o futuro do clube paulista. Permanecemos de olho nas movimenta\u00e7\u00f5es tanto de Fred Luz quanto da diretoria do Tim\u00e3o, esperando resultados que levem o clube de volta \u00e0s suas eras de gl\u00f3rias.<\/p>\n<\/p><\/div>\n<p><br \/>\n<br \/><a href=\"https:\/\/terrabrasilnoticias.com\/2024\/07\/fred-luz-ceo-do-corinthians-ainda-precisa-assinar-contrato-com-o-clube\/\">Source link <\/a><\/p>","protected":false},"excerpt":{"rendered":"<p>Na \u00faltima sexta-feira, a torcida do Corinthians ficou atenta ao desenrolar de uma situa\u00e7\u00e3o que envolve Fred Luz, recentemente apontado como o novo CEO do clube. Embora apresentado no dia&hellip;<\/p>","protected":false},"author":1,"featured_media":4795,"comment_status":"closed","ping_status":"open","sticky":false,"template":"","format":"standard","meta":{"content-type":"","footnotes":""},"categories":[16],"tags":[],"class_list":["post-4794","post","type-post","status-publish","format-standard","has-post-thumbnail","hentry","category-noticias"],"_links":{"self":[{"href":"https:\/\/tvbrazilusa.com\/pt\/wp-json\/wp\/v2\/posts\/4794","targetHints":{"allow":["GET"]}}],"collection":[{"href":"https:\/\/tvbrazilusa.com\/pt\/wp-json\/wp\/v2\/posts"}],"about":[{"href":"https:\/\/tvbrazilusa.com\/pt\/wp-json\/wp\/v2\/types\/post"}],"author":[{"embeddable":true,"href":"https:\/\/tvbrazilusa.com\/pt\/wp-json\/wp\/v2\/users\/1"}],"replies":[{"embeddable":true,"href":"https:\/\/tvbrazilusa.com\/pt\/wp-json\/wp\/v2\/comments?post=4794"}],"version-history":[{"count":1,"href":"https:\/\/tvbrazilusa.com\/pt\/wp-json\/wp\/v2\/posts\/4794\/revisions"}],"predecessor-version":[{"id":4796,"href":"https:\/\/tvbrazilusa.com\/pt\/wp-json\/wp\/v2\/posts\/4794\/revisions\/4796"}],"wp:featuredmedia":[{"embeddable":true,"href":"https:\/\/tvbrazilusa.com\/pt\/wp-json\/wp\/v2\/media\/4795"}],"wp:attachment":[{"href":"https:\/\/tvbrazilusa.com\/pt\/wp-json\/wp\/v2\/media?parent=4794"}],"wp:term":[{"taxonomy":"category","embeddable":true,"href":"https:\/\/tvbrazilusa.com\/pt\/wp-json\/wp\/v2\/categories?post=4794"},{"taxonomy":"post_tag","embeddable":true,"href":"https:\/\/tvbrazilusa.com\/pt\/wp-json\/wp\/v2\/tags?post=4794"}],"curies":[{"name":"wp","href":"https:\/\/api.w.org\/{rel}","templated":true}]}}