{"id":48129,"date":"2024-10-14T20:01:35","date_gmt":"2024-10-14T20:01:35","guid":{"rendered":"https:\/\/tvbrazilusa.com\/2024\/10\/14\/apagao-em-sp-lula-ordena-a-cgu-que-realize-uma-auditoria-na-agencia-reguladora\/"},"modified":"2024-10-14T20:01:36","modified_gmt":"2024-10-14T20:01:36","slug":"apagao-em-sp-lula-ordena-a-cgu-que-realize-uma-auditoria-na-agencia-reguladora","status":"publish","type":"post","link":"https:\/\/tvbrazilusa.com\/pt\/2024\/10\/14\/apagao-em-sp-lula-ordena-a-cgu-que-realize-uma-auditoria-na-agencia-reguladora\/","title":{"rendered":"Apag\u00e3o em SP: Lula ordena \u00e0 CGU que realize uma auditoria na ag\u00eancia reguladora"},"content":{"rendered":"<p> <script async src=\"https:\/\/pagead2.googlesyndication.com\/pagead\/js\/adsbygoogle.js?client=ca-pub-8864793242727901\"\r\n     crossorigin=\"anonymous\"><\/script><br \/>\n<\/p>\n<div id=\"taboola-read-more\" style=\"display:block; width:100%\">\n<p>O presidente Luiz In\u00e1cio Lula da Silva (PT) determinou, nesta segunda-feira (14\/10), que a Controladoria-Geral da Uni\u00e3o (CGU) fa\u00e7a uma auditoria no processo de fiscaliza\u00e7\u00e3o da Ag\u00eancia Nacional de Energia El\u00e9trica (Aneel) em rela\u00e7\u00e3o ao apag\u00e3o que atingiu diversas regi\u00f5es de S\u00e3o Paulo.\n<\/p>\n<p>Segundo o ministro da CGU, Vin\u00edcius de Carvalho, a investiga\u00e7\u00e3o vai apurar as medidas tomadas pela concession\u00e1ria Enel no apag\u00e3o ocorrido em novembro do ano passado, e as a\u00e7\u00f5es que acontecer\u00e3o a partir de agora.<\/p>\n<p>\u201cO presidente determinou que a CGU fizesse uma auditoria completa no processo de fiscaliza\u00e7\u00e3o da Aneel a respeito da concession\u00e1ria Enel, desde o que aconteceu no ano passado, em rela\u00e7\u00e3o \u00e0s medidas que deveriam ser adotadas, e n\u00e3o foram adotadas\u201d, explicou o ministro.\n<\/p>\n<p>\u201cAt\u00e9 o que vai acontecer daqui para a frente, fiscaliza\u00e7\u00e3o, e acompanhando o que vai acontecer daqui para frente, para que as mesmas falhas n\u00e3o se configurem\u201d, ressaltou.\n<\/p>\n<p>O ministro tamb\u00e9m afirmou que a Enel deve construir um \u201cplano de conting\u00eancia eficiente e efetivo\u201d. Al\u00e9m disso, destacou que o governo pode responsabilizar, se for necess\u00e1rio, \u201cpela m\u00e1 utiliza\u00e7\u00e3o dos recursos necess\u00e1rios para lidar com esse tipo de situa\u00e7\u00e3o, seja na fiscaliza\u00e7\u00e3o, seja na mitiga\u00e7\u00e3o\u201d.\n<\/p>\n<p>Fonte: Metr\u00f3poles <\/p>\n<\/div>\n<p><br \/>\n<br \/><a href=\"https:\/\/diariodobrasilnoticias.com.br\/noticia\/apagao-em-sp-lula-ordena-a-cgu-que-realize-uma-auditoria-na-agencia-reguladora-670d58b9d99d2\">Source link <\/a><\/p>","protected":false},"excerpt":{"rendered":"<p>O presidente Luiz In\u00e1cio Lula da Silva (PT) determinou, nesta segunda-feira (14\/10), que a Controladoria-Geral da Uni\u00e3o (CGU) fa\u00e7a uma auditoria no processo de fiscaliza\u00e7\u00e3o da Ag\u00eancia Nacional de Energia&hellip;<\/p>","protected":false},"author":1,"featured_media":48130,"comment_status":"closed","ping_status":"open","sticky":false,"template":"","format":"standard","meta":{"content-type":"","footnotes":""},"categories":[16],"tags":[123,2448,5313,1267],"class_list":["post-48129","post","type-post","status-publish","format-standard","has-post-thumbnail","hentry","category-noticias","tag-brasil","tag-diario","tag-noticia","tag-noticias"],"_links":{"self":[{"href":"https:\/\/tvbrazilusa.com\/pt\/wp-json\/wp\/v2\/posts\/48129","targetHints":{"allow":["GET"]}}],"collection":[{"href":"https:\/\/tvbrazilusa.com\/pt\/wp-json\/wp\/v2\/posts"}],"about":[{"href":"https:\/\/tvbrazilusa.com\/pt\/wp-json\/wp\/v2\/types\/post"}],"author":[{"embeddable":true,"href":"https:\/\/tvbrazilusa.com\/pt\/wp-json\/wp\/v2\/users\/1"}],"replies":[{"embeddable":true,"href":"https:\/\/tvbrazilusa.com\/pt\/wp-json\/wp\/v2\/comments?post=48129"}],"version-history":[{"count":1,"href":"https:\/\/tvbrazilusa.com\/pt\/wp-json\/wp\/v2\/posts\/48129\/revisions"}],"predecessor-version":[{"id":48131,"href":"https:\/\/tvbrazilusa.com\/pt\/wp-json\/wp\/v2\/posts\/48129\/revisions\/48131"}],"wp:featuredmedia":[{"embeddable":true,"href":"https:\/\/tvbrazilusa.com\/pt\/wp-json\/wp\/v2\/media\/48130"}],"wp:attachment":[{"href":"https:\/\/tvbrazilusa.com\/pt\/wp-json\/wp\/v2\/media?parent=48129"}],"wp:term":[{"taxonomy":"category","embeddable":true,"href":"https:\/\/tvbrazilusa.com\/pt\/wp-json\/wp\/v2\/categories?post=48129"},{"taxonomy":"post_tag","embeddable":true,"href":"https:\/\/tvbrazilusa.com\/pt\/wp-json\/wp\/v2\/tags?post=48129"}],"curies":[{"name":"wp","href":"https:\/\/api.w.org\/{rel}","templated":true}]}}