{"id":48156,"date":"2024-10-14T20:41:00","date_gmt":"2024-10-14T20:41:00","guid":{"rendered":"https:\/\/tvbrazilusa.com\/2024\/10\/14\/pl-se-prepara-para-a-maior-mudanca-das-ultimas-decadas-paulo-figueiredo\/"},"modified":"2024-10-14T21:39:57","modified_gmt":"2024-10-14T21:39:57","slug":"pl-se-prepara-para-a-maior-mudanca-das-ultimas-decadas-paulo-figueiredo","status":"publish","type":"post","link":"https:\/\/tvbrazilusa.com\/pt\/2024\/10\/14\/pl-se-prepara-para-a-maior-mudanca-das-ultimas-decadas-paulo-figueiredo\/","title":{"rendered":"PL se prepara para a maior mudan\u00e7a das \u00faltimas d\u00e9cadas &#8211; Paulo Figueiredo"},"content":{"rendered":"<p> <script async src=\"https:\/\/pagead2.googlesyndication.com\/pagead\/js\/adsbygoogle.js?client=ca-pub-8864793242727901\"\r\n     crossorigin=\"anonymous\"><\/script><br \/>\n<\/p>\n<div id=\"wtr-content\" data-bg=\"#FFFFFF\" data-fg=\"#006d91\" data-width=\"25\" data-mute=\"1\" data-fgopacity=\"1.00\" data-mutedopacity=\"0.5\" data-placement=\"bottom\" data-placement-offset=\"0\" data-content-offset=\"262\" data-placement-touch=\"bottom\" data-placement-offset-touch=\"0\" data-transparent=\"\" data-shadow=\"0\" data-touch=\"1\" data-non-touch=\"1\" data-comments=\"0\" data-commentsbg=\"transparent\" data-location=\"page\" data-mutedfg=\"#006d91\" data-endfg=\"#006d91\" data-rtl=\"\">\n<h3 class=\"wp-block-heading\">Altera\u00e7\u00f5es estruturais da legenda ocorrem sob aval do ex-presidente da Rep\u00fablica.<\/h3>\n<p>O Partido Liberal (PL), liderado por\u00a0Jair Messias Bolsonaro, ex-presidente da Rep\u00fablica, se prepara para uma grande mudan\u00e7a, considerada a maior das \u00faltimas d\u00e9cadas dentro da legenda.<\/p>\n<p>De acordo com informa\u00e7\u00f5es, Valdemar da Costa Neto, que est\u00e1 \u00e0 frente do PL desde 2000, deve deixar o comando da sigla a partir de 2025. Ao completar 25 anos na presid\u00eancia do partido, Valdemar sinaliza estar disposto a encerrar o ciclo.<\/p>\n<p>As discuss\u00f5es sobre a sucess\u00e3o j\u00e1 v\u00eam ocorrendo h\u00e1 bastante tempo. Atualmente j\u00e1 se tem um nome para assumir a presid\u00eancia do PL \u00e9 o do senador Rog\u00e9rio Marinho, um dos principais aliados de Bolsonaro.<\/p>\n<p>Marinho, que atualmente lidera a oposi\u00e7\u00e3o no Congresso e foi ministro do Desenvolvimento Regional no governo Bolsonaro, \u00e9 visto como um nome t\u00e9cnico, al\u00e9m de exercer <strong>peso de articula\u00e7\u00e3o em Bras\u00edlia.<\/strong><\/p>\n<p><strong><a href=\"https:\/\/www.conexaopolitica.com.br\/politica\/pl-de-jair-bolsonaro-se-prepara-para-a-maior-mudanca-das-ultimas-decadas\/\">Source link<\/a><\/strong><\/p>\n<\/div>\n<p><br \/>\n<br \/><a href=\"https:\/\/paulofigueiredoshow.com\/pl-se-prepara-para-a-maior-mudanca-das-ultimas-decadas\/\">Source link <\/a><\/p>","protected":false},"excerpt":{"rendered":"<p>Altera\u00e7\u00f5es estruturais da legenda ocorrem sob aval do ex-presidente da Rep\u00fablica. O Partido Liberal (PL), liderado por\u00a0Jair Messias Bolsonaro, ex-presidente da Rep\u00fablica, se prepara para uma grande mudan\u00e7a, considerada a&hellip;<\/p>","protected":false},"author":1,"featured_media":20953,"comment_status":"closed","ping_status":"open","sticky":false,"template":"","format":"standard","meta":{"content-type":"","footnotes":""},"categories":[16],"tags":[27495,27496,3853,80,1603,2236,27497],"class_list":["post-48156","post","type-post","status-publish","format-standard","has-post-thumbnail","hentry","category-noticias","tag-ciclo","tag-eduardo-bolsonaro","tag-mudancas","tag-partido","tag-pl","tag-presidente","tag-rogerio-marinho"],"_links":{"self":[{"href":"https:\/\/tvbrazilusa.com\/pt\/wp-json\/wp\/v2\/posts\/48156","targetHints":{"allow":["GET"]}}],"collection":[{"href":"https:\/\/tvbrazilusa.com\/pt\/wp-json\/wp\/v2\/posts"}],"about":[{"href":"https:\/\/tvbrazilusa.com\/pt\/wp-json\/wp\/v2\/types\/post"}],"author":[{"embeddable":true,"href":"https:\/\/tvbrazilusa.com\/pt\/wp-json\/wp\/v2\/users\/1"}],"replies":[{"embeddable":true,"href":"https:\/\/tvbrazilusa.com\/pt\/wp-json\/wp\/v2\/comments?post=48156"}],"version-history":[{"count":1,"href":"https:\/\/tvbrazilusa.com\/pt\/wp-json\/wp\/v2\/posts\/48156\/revisions"}],"predecessor-version":[{"id":48157,"href":"https:\/\/tvbrazilusa.com\/pt\/wp-json\/wp\/v2\/posts\/48156\/revisions\/48157"}],"wp:featuredmedia":[{"embeddable":true,"href":"https:\/\/tvbrazilusa.com\/pt\/wp-json\/wp\/v2\/media\/20953"}],"wp:attachment":[{"href":"https:\/\/tvbrazilusa.com\/pt\/wp-json\/wp\/v2\/media?parent=48156"}],"wp:term":[{"taxonomy":"category","embeddable":true,"href":"https:\/\/tvbrazilusa.com\/pt\/wp-json\/wp\/v2\/categories?post=48156"},{"taxonomy":"post_tag","embeddable":true,"href":"https:\/\/tvbrazilusa.com\/pt\/wp-json\/wp\/v2\/tags?post=48156"}],"curies":[{"name":"wp","href":"https:\/\/api.w.org\/{rel}","templated":true}]}}