{"id":48170,"date":"2024-10-14T19:46:22","date_gmt":"2024-10-14T19:46:22","guid":{"rendered":"https:\/\/tvbrazilusa.com\/2024\/10\/14\/ucrania-pede-que-brasil-prenda-putin-caso-ele-venha-a-cupula-do-g20-paulo-figueiredo\/"},"modified":"2024-10-14T22:45:23","modified_gmt":"2024-10-14T22:45:23","slug":"ucrania-pede-que-brasil-prenda-putin-caso-ele-venha-a-cupula-do-g20-paulo-figueiredo","status":"publish","type":"post","link":"https:\/\/tvbrazilusa.com\/pt\/2024\/10\/14\/ucrania-pede-que-brasil-prenda-putin-caso-ele-venha-a-cupula-do-g20-paulo-figueiredo\/","title":{"rendered":"Ucr\u00e2nia pede que Brasil prenda Putin caso ele venha \u00e0 c\u00fapula do G20 &#8211; Paulo Figueiredo"},"content":{"rendered":"<p> <script async src=\"https:\/\/pagead2.googlesyndication.com\/pagead\/js\/adsbygoogle.js?client=ca-pub-8864793242727901\"\r\n     crossorigin=\"anonymous\"><\/script><br \/>\n<\/p>\n<div id=\"wtr-content\" data-bg=\"#FFFFFF\" data-fg=\"#006d91\" data-width=\"25\" data-mute=\"1\" data-fgopacity=\"1.00\" data-mutedopacity=\"0.5\" data-placement=\"bottom\" data-placement-offset=\"0\" data-content-offset=\"262\" data-placement-touch=\"bottom\" data-placement-offset-touch=\"0\" data-transparent=\"\" data-shadow=\"0\" data-touch=\"1\" data-non-touch=\"1\" data-comments=\"0\" data-commentsbg=\"transparent\" data-location=\"page\" data-mutedfg=\"#006d91\" data-endfg=\"#006d91\" data-rtl=\"\">\n<h3 class=\"wp-block-heading\">Ucr\u00e2nia pede que Brasil prenda Putin caso ele venha \u00e0 c\u00fapula do G20 e governo brasileiro fica em posi\u00e7\u00e3o delicada.<\/h3>\n<p>O procurador-geral da Ucr\u00e2nia, Andriy Kostin, fez um apelo \u00e0s autoridades brasileiras para que, caso o presidente russo Vladimir Putin compare\u00e7a \u00e0 c\u00fapula do G20 no pr\u00f3ximo m\u00eas, cumpram o mandado de pris\u00e3o emitido pelo Tribunal Penal Internacional (TPI), sediado em Haia, conforme informa o\u00a0<em>The Jerusalem Post<\/em>, com base na Reuters.\u00a0<\/p>\n<p>Kostin recebeu informa\u00e7\u00f5es que indicam a possibilidade da participa\u00e7\u00e3o de Putin no encontro. Ele destacou que o Brasil, como signat\u00e1rio do Estatuto de Roma, tem a obriga\u00e7\u00e3o legal de prend\u00ea-lo.<\/p>\n<p>O mandado de pris\u00e3o contra Putin foi expedido em mar\u00e7o de 2023, um ano depois da invas\u00e3o russa \u00e0 Ucr\u00e2nia. Ele \u00e9 acusado de crimes de guerra, principalmente pela deporta\u00e7\u00e3o for\u00e7ada de crian\u00e7as.\u00a0<\/p>\n<p>Para a professora de Rela\u00e7\u00f5es Internacionais da Escola Paulista de Propaganda e Marketing (ESPM), Denilde Hlzhacker, a fala do procurador ucraniano ilustra a situa\u00e7\u00e3o delicada gerada pelo fato de o governo brasileiro ter enviado o convite ao l\u00edder russo.<\/p>\n<p>\u201cA situa\u00e7\u00e3o \u00e9 bastante tensa e complicada para o governo brasileiro, porque o Putin \u00e9 convidado do governo, mas, ao mesmo tempo, o Brasil vai ter que cumprir e pode ser que o Judici\u00e1rio coloque a situa\u00e7\u00e3o para o cumprimento da lei\u201d, afirma ela<\/p>\n<p>\u201c\u00c9 uma decis\u00e3o, ent\u00e3o, que n\u00e3o que passa nem pelo governo federal e me parece que esse \u00e9 o caminho que o governo vai tomar [deixar a crit\u00e9rio do Judici\u00e1rio]. Mas a execu\u00e7\u00e3o vai ter que passar pelo governo, ent\u00e3o a\u00ed provavelmente ocorrer\u00e1 o que aconteceu na \u00c1frica do Sul e que tem acontecido em outros pa\u00edses: o pr\u00f3prio Putin decidir\u00e1 n\u00e3o vir para o G20 e enviar\u00e1 seu representante, o ministro das Rela\u00e7\u00f5es Exteriores.\u201d<\/p>\n<h3 class=\"wp-block-heading\">Precedente perigoso<\/h3>\n<p>O governo russo nega veementemente essas acusa\u00e7\u00f5es, enquanto o Kremlin afirma que o mandado do tribunal \u00e9 inv\u00e1lido.<\/p>\n<p>Fontes do governo brasileiro, no entanto, indicam que n\u00e3o h\u00e1 sinais de que o l\u00edder russo planeje comparecer \u00e0 c\u00fapula do G20, marcada para 18 e 19 de novembro no Rio de Janeiro.<\/p>\n<p>Dmitry Peskov, porta-voz do Kremlin, declarou que ainda n\u00e3o houve decis\u00e3o sobre a participa\u00e7\u00e3o de Putin no evento. Ele acrescentou que qualquer informa\u00e7\u00e3o ser\u00e1 divulgada no momento adequado.<\/p>\n<p>Kostin destacou que a responsabilidade internacional \u00e9 crucial para garantir que Putin seja responsabilizado por suas a\u00e7\u00f5es. Para o procurador, ao agir conforme o mandado do TPI, o Brasil reafirmaria seu compromisso com o Estado de Direito e os princ\u00edpios democr\u00e1ticos.\u00a0<\/p>\n<p>O procurador, de acordo com a Reuters, ainda alertou para o risco de se criar um precedente perigoso, no qual l\u00edderes acusados de crimes graves possam viajar livremente sem enfrentarem a justi\u00e7a.<\/p>\n<p>Putin, mesmo com o mandado de pris\u00e3o em vigor, fez uma visita oficial \u00e0 Mong\u00f3lia em setembro. A viagem gerou cr\u00edticas da Ucr\u00e2nia, que acusou o governo mongol de desrespeitar a justi\u00e7a internacional ao n\u00e3o cumprir o mandado.\u00a0<\/p>\n<p>Putin, por\u00e9m, evitou participar presencialmente de uma\u00a0<strong>reuni\u00e3o do BRICS<a href=\"https:\/\/infobrics.org\/\" target=\"_blank\" rel=\"noreferrer noopener\">\u00a0<\/a><\/strong>na \u00c1frica do Sul em 2023, ao optar por participar virtualmente.<\/p>\n<p>Tamb\u00e9m foram alvos, al\u00e9m de Putin, outros altos funcion\u00e1rios russos, como Maria Lvova-Belova, comiss\u00e1ria para os direitos das crian\u00e7as, e Sergei Shoigu, ex-ministro da Defesa. O TPI os acusa de crimes de guerra, incluindo ataques contra civis.\u00a0<\/p>\n<p>O TPI, criado em 2002 e com 124 na\u00e7\u00f5es signat\u00e1rias, \u00e9 respons\u00e1vel por processar crimes de guerra e genoc\u00eddio, especialmente quando os pa\u00edses envolvidos n\u00e3o t\u00eam condi\u00e7\u00f5es ou disposi\u00e7\u00e3o de faz\u00ea-lo.<\/p>\n<p><strong><a href=\"https:\/\/revistaoeste.com\/mundo\/ucrania-pede-que-brasil-prenda-putin-caso-ele-venha-a-cupula-do-g20\/\">Source link<\/a><\/strong><\/p>\n<\/div>\n<p><br \/>\n<br \/><a href=\"https:\/\/paulofigueiredoshow.com\/ucrania-pede-que-brasil-prenda-putin-caso-ele-venha-a-cupula-do-g20\/\">Source link <\/a><\/p>","protected":false},"excerpt":{"rendered":"<p>Ucr\u00e2nia pede que Brasil prenda Putin caso ele venha \u00e0 c\u00fapula do G20 e governo brasileiro fica em posi\u00e7\u00e3o delicada. O procurador-geral da Ucr\u00e2nia, Andriy Kostin, fez um apelo \u00e0s&hellip;<\/p>","protected":false},"author":1,"featured_media":43944,"comment_status":"closed","ping_status":"open","sticky":false,"template":"","format":"standard","meta":{"content-type":"","footnotes":""},"categories":[16],"tags":[27500,123,4304,27501,1573,5402,27502],"class_list":["post-48170","post","type-post","status-publish","format-standard","has-post-thumbnail","hentry","category-noticias","tag-andriy-kostin","tag-brasil","tag-brics","tag-dmitry-peskov","tag-g20","tag-prender","tag-tpi"],"_links":{"self":[{"href":"https:\/\/tvbrazilusa.com\/pt\/wp-json\/wp\/v2\/posts\/48170","targetHints":{"allow":["GET"]}}],"collection":[{"href":"https:\/\/tvbrazilusa.com\/pt\/wp-json\/wp\/v2\/posts"}],"about":[{"href":"https:\/\/tvbrazilusa.com\/pt\/wp-json\/wp\/v2\/types\/post"}],"author":[{"embeddable":true,"href":"https:\/\/tvbrazilusa.com\/pt\/wp-json\/wp\/v2\/users\/1"}],"replies":[{"embeddable":true,"href":"https:\/\/tvbrazilusa.com\/pt\/wp-json\/wp\/v2\/comments?post=48170"}],"version-history":[{"count":1,"href":"https:\/\/tvbrazilusa.com\/pt\/wp-json\/wp\/v2\/posts\/48170\/revisions"}],"predecessor-version":[{"id":48171,"href":"https:\/\/tvbrazilusa.com\/pt\/wp-json\/wp\/v2\/posts\/48170\/revisions\/48171"}],"wp:featuredmedia":[{"embeddable":true,"href":"https:\/\/tvbrazilusa.com\/pt\/wp-json\/wp\/v2\/media\/43944"}],"wp:attachment":[{"href":"https:\/\/tvbrazilusa.com\/pt\/wp-json\/wp\/v2\/media?parent=48170"}],"wp:term":[{"taxonomy":"category","embeddable":true,"href":"https:\/\/tvbrazilusa.com\/pt\/wp-json\/wp\/v2\/categories?post=48170"},{"taxonomy":"post_tag","embeddable":true,"href":"https:\/\/tvbrazilusa.com\/pt\/wp-json\/wp\/v2\/tags?post=48170"}],"curies":[{"name":"wp","href":"https:\/\/api.w.org\/{rel}","templated":true}]}}