{"id":48175,"date":"2024-10-14T23:23:54","date_gmt":"2024-10-14T23:23:54","guid":{"rendered":"https:\/\/tvbrazilusa.com\/2024\/10\/14\/saiba-quem-era-o-seguranca-de-23-anos-morto-por-atirador-em-bar\/"},"modified":"2024-10-14T23:23:55","modified_gmt":"2024-10-14T23:23:55","slug":"saiba-quem-era-o-seguranca-de-23-anos-morto-por-atirador-em-bar","status":"publish","type":"post","link":"https:\/\/tvbrazilusa.com\/pt\/2024\/10\/14\/saiba-quem-era-o-seguranca-de-23-anos-morto-por-atirador-em-bar\/","title":{"rendered":"Saiba quem era o seguran\u00e7a de 23 anos morto por atirador em bar"},"content":{"rendered":"<p> <script async src=\"https:\/\/pagead2.googlesyndication.com\/pagead\/js\/adsbygoogle.js?client=ca-pub-8864793242727901\"\r\n     crossorigin=\"anonymous\"><\/script><br \/>\n<\/p>\n<div id=\"taboola-read-more\" style=\"display:block; width:100%\">\n<p>Amigos e parentes do seguran\u00e7a Jorny Thiago Abreu Adorno (foto em destaque), de 23 anos, morto a tiros no bar em que trabalhava, no Riacho Fundo 2, lamentaram nas redes sociais o crime.\n<\/p>\n<p>O rapaz foi assassinado na noite desse domingo (13\/10). Ainda n\u00e3o identificado, o criminoso quis sair do Puxadinho Gastro Bar sem pagar, mas foi impedido pela v\u00edtima. Revoltado, ele sacou a arma e disparou contra o trabalhador.<\/p>\n<p>Uma crian\u00e7a de 10 anos tamb\u00e9m foi baleada e est\u00e1 internada, em estado grave, no Hospital de Base.\n<\/p>\n<p>A m\u00e3e do garotinho e outras tr\u00eas mulheres tamb\u00e9m foram atingidas e tiveram de ser encaminhadas para um hospital. A pol\u00edcia ainda n\u00e3o divulgou os nomes dos envolvidos no caso.\n<\/p>\n<p>Um funcion\u00e1rio do bar foi preso suspeito de deixar o homem entrar armado no local, sem revist\u00e1-lo.\n<\/p>\n<p>\u201cSem acreditar que voc\u00ea se foi. Descansa em Paz, amigo\u201d, escreveu uma seguidora da v\u00edtima. \u201cInfelizmente nosso amigo Thiago partiu, deixando conosco somente as suas lembran\u00e7as\u201d, lamentou outra pessoa.\n<\/p>\n<p><strong>Veja Thiago:<\/strong>\n<\/p>\n<\/p>\n<p>Fonte: Reprodu\u00e7\u00e3o\/Redes Sociais\n<\/p>\n<p>Suspeito procurado<br \/>Segundo o Corpo de Bombeiros (CBMDF), a crian\u00e7a foi baleada na cabe\u00e7a, perto da orelha direita, e levada por populares at\u00e9 o quartel da corpora\u00e7\u00e3o, no Recanto das Emas. Ap\u00f3s atendimento da equipe, o garotinho foi transportado consciente e desorientado para o Hospital Regional de Taguatinga (HRT). Depois, conduzido ao Hospital de Base, onde est\u00e1 internado em estado grave.\n<\/p>\n<p>Testemunhas informaram que o autor dos disparos vestia roupas pretas e fugiu a p\u00e9 em dire\u00e7\u00e3o ao Recanto das Emas.\n<\/p>\n<p>Equipes da Pol\u00edcia Militar sa\u00edram em busca do suspeito, realizando patrulhamento pelas quadras 800 do Recanto das Emas e notificando o 27\u00ba Batalh\u00e3o para apoio. Nenhum suspeito de atirar no bar foi preso at\u00e9 a manh\u00e3 desta segunda-feira (14\/10).\n<\/p>\n<p>O crime \u00e9 investigado pela 29\u00aa Delegacia de Pol\u00edcia Civil (Riacho Fundo).\n<\/p>\n<p>Fonte: Metr\u00f3poles <\/p>\n<\/div>\n<p><br \/>\n<br \/><a href=\"https:\/\/diariodobrasilnoticias.com.br\/noticia\/saiba-quem-era-o-seguranca-de-23-anos-morto-por-atirador-em-bar-670d81423646e\">Source link <\/a><\/p>","protected":false},"excerpt":{"rendered":"<p>Amigos e parentes do seguran\u00e7a Jorny Thiago Abreu Adorno (foto em destaque), de 23 anos, morto a tiros no bar em que trabalhava, no Riacho Fundo 2, lamentaram nas redes&hellip;<\/p>","protected":false},"author":1,"featured_media":48176,"comment_status":"closed","ping_status":"open","sticky":false,"template":"","format":"standard","meta":{"content-type":"","footnotes":""},"categories":[16],"tags":[123,2448,5313,1267],"class_list":["post-48175","post","type-post","status-publish","format-standard","has-post-thumbnail","hentry","category-noticias","tag-brasil","tag-diario","tag-noticia","tag-noticias"],"_links":{"self":[{"href":"https:\/\/tvbrazilusa.com\/pt\/wp-json\/wp\/v2\/posts\/48175","targetHints":{"allow":["GET"]}}],"collection":[{"href":"https:\/\/tvbrazilusa.com\/pt\/wp-json\/wp\/v2\/posts"}],"about":[{"href":"https:\/\/tvbrazilusa.com\/pt\/wp-json\/wp\/v2\/types\/post"}],"author":[{"embeddable":true,"href":"https:\/\/tvbrazilusa.com\/pt\/wp-json\/wp\/v2\/users\/1"}],"replies":[{"embeddable":true,"href":"https:\/\/tvbrazilusa.com\/pt\/wp-json\/wp\/v2\/comments?post=48175"}],"version-history":[{"count":1,"href":"https:\/\/tvbrazilusa.com\/pt\/wp-json\/wp\/v2\/posts\/48175\/revisions"}],"predecessor-version":[{"id":48177,"href":"https:\/\/tvbrazilusa.com\/pt\/wp-json\/wp\/v2\/posts\/48175\/revisions\/48177"}],"wp:featuredmedia":[{"embeddable":true,"href":"https:\/\/tvbrazilusa.com\/pt\/wp-json\/wp\/v2\/media\/48176"}],"wp:attachment":[{"href":"https:\/\/tvbrazilusa.com\/pt\/wp-json\/wp\/v2\/media?parent=48175"}],"wp:term":[{"taxonomy":"category","embeddable":true,"href":"https:\/\/tvbrazilusa.com\/pt\/wp-json\/wp\/v2\/categories?post=48175"},{"taxonomy":"post_tag","embeddable":true,"href":"https:\/\/tvbrazilusa.com\/pt\/wp-json\/wp\/v2\/tags?post=48175"}],"curies":[{"name":"wp","href":"https:\/\/api.w.org\/{rel}","templated":true}]}}