{"id":48196,"date":"2024-10-15T01:03:12","date_gmt":"2024-10-15T01:03:12","guid":{"rendered":"https:\/\/tvbrazilusa.com\/2024\/10\/15\/stj-anula-condenacao-de-traficante-por-entender-que-policia-invadiu-casa-do-acusado\/"},"modified":"2024-10-15T01:03:13","modified_gmt":"2024-10-15T01:03:13","slug":"stj-anula-condenacao-de-traficante-por-entender-que-policia-invadiu-casa-do-acusado","status":"publish","type":"post","link":"https:\/\/tvbrazilusa.com\/pt\/2024\/10\/15\/stj-anula-condenacao-de-traficante-por-entender-que-policia-invadiu-casa-do-acusado\/","title":{"rendered":"STJ anula condena\u00e7\u00e3o de traficante por entender que pol\u00edcia &#8216;invadiu&#8217; casa do acusado"},"content":{"rendered":"<p> <script async src=\"https:\/\/pagead2.googlesyndication.com\/pagead\/js\/adsbygoogle.js?client=ca-pub-8864793242727901\"\r\n     crossorigin=\"anonymous\"><\/script><br \/>\n<\/p>\n<div>\n<figure class=\"post-image\">\n<\/figure>\n<p><span style=\"font-size: 12px\">Reprodu\u00e7\u00e3o\/Instagram<\/span><\/p>\n<div id=\"taboola-read-more\" style=\"display:block; width:100%\">\n<p>O ministro Rogerio Schietti Cruz, do Superior Tribunal Federal (STJ), anulou a condena\u00e7\u00e3o de um homem acusado de tr\u00e1fico de drogas ao considerar ilegal a a\u00e7\u00e3o policial que levou \u00e0 captura do traficante.<\/p>\n<p>De acordo com o ministro, as provas foram obtidas de forma il\u00edcita, j\u00e1 que os policiais teriam \u201cinvadido\u201d a casa do acusado sem raz\u00e3o aparente ou consentimento do investigado.<\/p>\n<p>O caso aconteceu no Rio de Janeiro, quando policiais civis localizaram a casa do acusado e ingressaram no im\u00f3vel, onde foi encontrada \u201cfarta quantidade de subst\u00e2ncia entorpecente, mat\u00e9ria prima e material destinado \u00e0 prepara\u00e7\u00e3o das referidas subst\u00e2ncias\u201d.<\/p>\n<p>O acusado ainda confessou que havia investido R$ 15 mil em material para produ\u00e7\u00e3o e venda de drogas a clientes com alto poder aquisitivo. O homem foi preso em flagrante e condenado.<\/p>\n<p>Ao julgar o caso, o Tribunal de Justi\u00e7a do Rio de Janeiro (TJ-RJ) validou as provas ao considerar que a motiva\u00e7\u00e3o para o ingresso dos policiais na resid\u00eancia foi a exist\u00eancia de not\u00edcia an\u00f4nima sobre poss\u00edvel pr\u00e1tica de tr\u00e1fico de drogas no local.\n<\/p>\n<p>Fonte: @gazetadopovo<\/p>\n<\/p><\/div>\n<div class=\"row mt-3\">\n<div class=\"col-sm-6\">\n<p><a href=\"https:\/\/chat.whatsapp.com\/J6hwSKYns5B0XFowx2wZ0P\" target=\"_blank\" rel=\"noopener\"><br \/>\n<img decoding=\"async\" src=\"https:\/\/diariodobrasilnoticias.com.br\/assets-site\/images\/bot_whatsapp.png\"\/><\/a>\n<\/div>\n<div class=\"col-sm-6\">\n<a href=\"https:\/\/t.me\/+_4gTmi5LKo03OTM5\" target=\"_blank\" rel=\"noopener\"><br \/>\n<img decoding=\"async\" src=\"https:\/\/diariodobrasilnoticias.com.br\/assets-site\/images\/bot_telegram.png\"\/><\/a>\n<\/div>\n<\/div>\n<\/div>\n<p><br \/>\n<br \/><a href=\"https:\/\/diariodobrasilnoticias.com.br\/noticia\/stj-anula-condenacao-de-traficante-por-entender-que-policia-invadiu-casa-do-acusado-670d97293b86f\">Source link <\/a><\/p>","protected":false},"excerpt":{"rendered":"<p>Reprodu\u00e7\u00e3o\/Instagram O ministro Rogerio Schietti Cruz, do Superior Tribunal Federal (STJ), anulou a condena\u00e7\u00e3o de um homem acusado de tr\u00e1fico de drogas ao considerar ilegal a a\u00e7\u00e3o policial que levou&hellip;<\/p>","protected":false},"author":1,"featured_media":48197,"comment_status":"closed","ping_status":"open","sticky":false,"template":"","format":"standard","meta":{"content-type":"","footnotes":""},"categories":[16],"tags":[123,2448,5313,1267],"class_list":["post-48196","post","type-post","status-publish","format-standard","has-post-thumbnail","hentry","category-noticias","tag-brasil","tag-diario","tag-noticia","tag-noticias"],"_links":{"self":[{"href":"https:\/\/tvbrazilusa.com\/pt\/wp-json\/wp\/v2\/posts\/48196","targetHints":{"allow":["GET"]}}],"collection":[{"href":"https:\/\/tvbrazilusa.com\/pt\/wp-json\/wp\/v2\/posts"}],"about":[{"href":"https:\/\/tvbrazilusa.com\/pt\/wp-json\/wp\/v2\/types\/post"}],"author":[{"embeddable":true,"href":"https:\/\/tvbrazilusa.com\/pt\/wp-json\/wp\/v2\/users\/1"}],"replies":[{"embeddable":true,"href":"https:\/\/tvbrazilusa.com\/pt\/wp-json\/wp\/v2\/comments?post=48196"}],"version-history":[{"count":1,"href":"https:\/\/tvbrazilusa.com\/pt\/wp-json\/wp\/v2\/posts\/48196\/revisions"}],"predecessor-version":[{"id":48198,"href":"https:\/\/tvbrazilusa.com\/pt\/wp-json\/wp\/v2\/posts\/48196\/revisions\/48198"}],"wp:featuredmedia":[{"embeddable":true,"href":"https:\/\/tvbrazilusa.com\/pt\/wp-json\/wp\/v2\/media\/48197"}],"wp:attachment":[{"href":"https:\/\/tvbrazilusa.com\/pt\/wp-json\/wp\/v2\/media?parent=48196"}],"wp:term":[{"taxonomy":"category","embeddable":true,"href":"https:\/\/tvbrazilusa.com\/pt\/wp-json\/wp\/v2\/categories?post=48196"},{"taxonomy":"post_tag","embeddable":true,"href":"https:\/\/tvbrazilusa.com\/pt\/wp-json\/wp\/v2\/tags?post=48196"}],"curies":[{"name":"wp","href":"https:\/\/api.w.org\/{rel}","templated":true}]}}