{"id":48213,"date":"2024-10-15T02:35:54","date_gmt":"2024-10-15T02:35:54","guid":{"rendered":"https:\/\/tvbrazilusa.com\/2024\/10\/15\/crianca-de-8-anos-que-teve-o-braco-reimplantado-apos-um-acidente-de-onibus-recebe-alta-medica\/"},"modified":"2024-10-15T02:35:54","modified_gmt":"2024-10-15T02:35:54","slug":"crianca-de-8-anos-que-teve-o-braco-reimplantado-apos-um-acidente-de-onibus-recebe-alta-medica","status":"publish","type":"post","link":"https:\/\/tvbrazilusa.com\/pt\/2024\/10\/15\/crianca-de-8-anos-que-teve-o-braco-reimplantado-apos-um-acidente-de-onibus-recebe-alta-medica\/","title":{"rendered":"Crian\u00e7a de 8 anos, que teve o bra\u00e7o reimplantado ap\u00f3s um acidente de \u00f4nibus, recebe alta m\u00e9dica"},"content":{"rendered":"<p> <script async src=\"https:\/\/pagead2.googlesyndication.com\/pagead\/js\/adsbygoogle.js?client=ca-pub-8864793242727901\"\r\n     crossorigin=\"anonymous\"><\/script><br \/>\n<br \/>Coletivo em que Davi Giovanni Guimar\u00e3es estava tombou na descida do viaduto da Linha Vermelha quando seguia em dire\u00e7\u00e3o ao Campo de S\u00e3o Crist\u00f3v\u00e3o<br \/>\n<br \/><br \/>\n<br \/><a href=\"https:\/\/diariodobrasilnoticias.com.br\/noticia\/crianca-de-8-anos-que-teve-o-braco-reimplantado-apos-um-acidente-de-onibus-recebe-alta-medica-670d9c0cbd598\">Source link <\/a><\/p>","protected":false},"excerpt":{"rendered":"<p>Coletivo em que Davi Giovanni Guimar\u00e3es estava tombou na descida do viaduto da Linha Vermelha quando seguia em dire\u00e7\u00e3o ao Campo de S\u00e3o Crist\u00f3v\u00e3o Source link<\/p>","protected":false},"author":1,"featured_media":48214,"comment_status":"closed","ping_status":"open","sticky":false,"template":"","format":"standard","meta":{"content-type":"","footnotes":""},"categories":[16],"tags":[123,2448,5313,1267],"class_list":["post-48213","post","type-post","status-publish","format-standard","has-post-thumbnail","hentry","category-noticias","tag-brasil","tag-diario","tag-noticia","tag-noticias"],"_links":{"self":[{"href":"https:\/\/tvbrazilusa.com\/pt\/wp-json\/wp\/v2\/posts\/48213","targetHints":{"allow":["GET"]}}],"collection":[{"href":"https:\/\/tvbrazilusa.com\/pt\/wp-json\/wp\/v2\/posts"}],"about":[{"href":"https:\/\/tvbrazilusa.com\/pt\/wp-json\/wp\/v2\/types\/post"}],"author":[{"embeddable":true,"href":"https:\/\/tvbrazilusa.com\/pt\/wp-json\/wp\/v2\/users\/1"}],"replies":[{"embeddable":true,"href":"https:\/\/tvbrazilusa.com\/pt\/wp-json\/wp\/v2\/comments?post=48213"}],"version-history":[{"count":1,"href":"https:\/\/tvbrazilusa.com\/pt\/wp-json\/wp\/v2\/posts\/48213\/revisions"}],"predecessor-version":[{"id":48215,"href":"https:\/\/tvbrazilusa.com\/pt\/wp-json\/wp\/v2\/posts\/48213\/revisions\/48215"}],"wp:featuredmedia":[{"embeddable":true,"href":"https:\/\/tvbrazilusa.com\/pt\/wp-json\/wp\/v2\/media\/48214"}],"wp:attachment":[{"href":"https:\/\/tvbrazilusa.com\/pt\/wp-json\/wp\/v2\/media?parent=48213"}],"wp:term":[{"taxonomy":"category","embeddable":true,"href":"https:\/\/tvbrazilusa.com\/pt\/wp-json\/wp\/v2\/categories?post=48213"},{"taxonomy":"post_tag","embeddable":true,"href":"https:\/\/tvbrazilusa.com\/pt\/wp-json\/wp\/v2\/tags?post=48213"}],"curies":[{"name":"wp","href":"https:\/\/api.w.org\/{rel}","templated":true}]}}