{"id":48234,"date":"2024-10-15T03:04:52","date_gmt":"2024-10-15T03:04:52","guid":{"rendered":"https:\/\/tvbrazilusa.com\/2024\/10\/15\/deputado-pede-ao-stf-a-suspensao-de-projeto-que-anula-decisoes-da-corte-paulo-figueiredo\/"},"modified":"2024-10-15T03:25:17","modified_gmt":"2024-10-15T03:25:17","slug":"deputado-pede-ao-stf-a-suspensao-de-projeto-que-anula-decisoes-da-corte-paulo-figueiredo","status":"publish","type":"post","link":"https:\/\/tvbrazilusa.com\/pt\/2024\/10\/15\/deputado-pede-ao-stf-a-suspensao-de-projeto-que-anula-decisoes-da-corte-paulo-figueiredo\/","title":{"rendered":"Deputado pede ao STF a suspens\u00e3o de projeto que anula decis\u00f5es da Corte &#8211; Paulo Figueiredo"},"content":{"rendered":"<p> <script async src=\"https:\/\/pagead2.googlesyndication.com\/pagead\/js\/adsbygoogle.js?client=ca-pub-8864793242727901\"\r\n     crossorigin=\"anonymous\"><\/script><br \/>\n<\/p>\n<div id=\"wtr-content\" data-bg=\"#FFFFFF\" data-fg=\"#006d91\" data-width=\"25\" data-mute=\"1\" data-fgopacity=\"1.00\" data-mutedopacity=\"0.5\" data-placement=\"bottom\" data-placement-offset=\"0\" data-content-offset=\"262\" data-placement-touch=\"bottom\" data-placement-offset-touch=\"0\" data-transparent=\"\" data-shadow=\"0\" data-touch=\"1\" data-non-touch=\"1\" data-comments=\"0\" data-commentsbg=\"transparent\" data-location=\"page\" data-mutedfg=\"#006d91\" data-endfg=\"#006d91\" data-rtl=\"\">\n<h3 class=\"wp-block-heading\">Solicita\u00e7\u00e3o \u00e9 de Paulinho da For\u00e7a; o ministro Nunes Marques vai analisar o caso<\/h3>\n<p>O deputado federal\u00a0<strong>Paulinho da For\u00e7a<\/strong>\u00a0(Solidariedade-SP) entrou com um mandado de seguran\u00e7a no Supremo Tribunal Federal (STF), na sexta-feira 11. De acordo com o parlamentar, o objetivo \u00e9 suspender a tramita\u00e7\u00e3o da Proposta de Emenda \u00e0 Constitui\u00e7\u00e3o (PEC) 28\/2024, que permite ao Congresso suspender decis\u00f5es da Suprema Corte. O ministro Nunes Marques analisar\u00e1 o pedido.<\/p>\n<p>A PEC foi aprovada na quinta-feira 9, pela Comiss\u00e3o de Constitui\u00e7\u00e3o e Justi\u00e7a (CCJ) da C\u00e2mara dos Deputados. Foram 38 votos a favor e 12 contra.<\/p>\n<h3 class=\"wp-block-heading\">O que dizem os parlamentares sobre a proposta que limita as decis\u00f5es do STF<\/h3>\n<p>Na ocasi\u00e3o, o deputado federal Bacelar (PV-BA) criticou a proposta. Ele disse que \u201cquem tem a \u00faltima palavra neste sistema constitucional \u00e9 o Poder Judici\u00e1rio\u201d. Al\u00e9m disso, afirmou que \u201cn\u00e3o agir dessa maneira \u00e9 coagir o STF\u201d.<\/p>\n<p>Paulinho da For\u00e7a, por sua vez, classificou a proposta como \u201cinconstitucional\u201d. De acordo com ele, trata-se de uma \u201camea\u00e7a real e s\u00e9ria \u00e0 conforma\u00e7\u00e3o institucional do Estado Democr\u00e1tico de Direito\u201d.<\/p>\n<p>A PEC permite que o Congresso suspenda decis\u00f5es do STF por vota\u00e7\u00e3o, caso dois ter\u00e7os de seus membros concordem.<\/p>\n<h3 class=\"wp-block-heading\">Deputado diz que h\u00e1 interpreta\u00e7\u00e3o \u201cincorreta\u201d da PEC<\/h3>\n<p>Durante a vota\u00e7\u00e3o do projeto, o relator, Luiz Philippe de Orl\u00e9ans e Bragan\u00e7a (PL-SP), defendeu a proposta. De acordo com ele, h\u00e1 uma interpreta\u00e7\u00e3o \u201cincorreta\u201d da PEC por quem busca \u201cum poder monocr\u00e1tico\u201d.<\/p>\n<p>Ainda segundo ele, o texto resgata \u201ca proposta da constituinte de 1988: a independ\u00eancia do Judici\u00e1rio\u201d.<\/p>\n<p>Paulinho da For\u00e7a j\u00e1 havia acionado o STF para barrar propostas contr\u00e1rias \u00e0s decis\u00f5es da Corte. No m\u00eas passado, ele pediu a suspens\u00e3o da tramita\u00e7\u00e3o da PEC 08\/2021, que limita o poder dos ministros do STF em decis\u00f5es monocr\u00e1ticas. O caso tamb\u00e9m est\u00e1 sob an\u00e1lise de Nunes Marques.<\/p>\n<p><strong><a href=\"https:\/\/revistaoeste.com\/politica\/deputado-pede-ao-stf-a-suspensao-de-projeto-que-anula-decisoes-da-corte\/\">Source link<\/a><\/strong><\/p>\n<\/div>\n<p><br \/>\n<br \/><a href=\"https:\/\/paulofigueiredoshow.com\/deputado-pede-ao-stf-a-suspensao-de-projeto-que-anula-decisoes-da-corte\/\">Source link <\/a><\/p>","protected":false},"excerpt":{"rendered":"<p>Solicita\u00e7\u00e3o \u00e9 de Paulinho da For\u00e7a; o ministro Nunes Marques vai analisar o caso O deputado federal\u00a0Paulinho da For\u00e7a\u00a0(Solidariedade-SP) entrou com um mandado de seguran\u00e7a no Supremo Tribunal Federal (STF),&hellip;<\/p>","protected":false},"author":1,"featured_media":48235,"comment_status":"closed","ping_status":"open","sticky":false,"template":"","format":"standard","meta":{"content-type":"","footnotes":""},"categories":[16],"tags":[5368,4771,22844,26886,22176,27566,27567,27568,27569,295,11015],"class_list":["post-48234","post","type-post","status-publish","format-standard","has-post-thumbnail","hentry","category-noticias","tag-acoes","tag-ccj","tag-decisoes","tag-limita","tag-luiz-philippe-de-orleans-e-braganca","tag-nunes-marques","tag-paulinho-da-forca","tag-pec-08-2021","tag-pec-28-2024","tag-pedido","tag-solidariedade"],"_links":{"self":[{"href":"https:\/\/tvbrazilusa.com\/pt\/wp-json\/wp\/v2\/posts\/48234","targetHints":{"allow":["GET"]}}],"collection":[{"href":"https:\/\/tvbrazilusa.com\/pt\/wp-json\/wp\/v2\/posts"}],"about":[{"href":"https:\/\/tvbrazilusa.com\/pt\/wp-json\/wp\/v2\/types\/post"}],"author":[{"embeddable":true,"href":"https:\/\/tvbrazilusa.com\/pt\/wp-json\/wp\/v2\/users\/1"}],"replies":[{"embeddable":true,"href":"https:\/\/tvbrazilusa.com\/pt\/wp-json\/wp\/v2\/comments?post=48234"}],"version-history":[{"count":1,"href":"https:\/\/tvbrazilusa.com\/pt\/wp-json\/wp\/v2\/posts\/48234\/revisions"}],"predecessor-version":[{"id":48236,"href":"https:\/\/tvbrazilusa.com\/pt\/wp-json\/wp\/v2\/posts\/48234\/revisions\/48236"}],"wp:featuredmedia":[{"embeddable":true,"href":"https:\/\/tvbrazilusa.com\/pt\/wp-json\/wp\/v2\/media\/48235"}],"wp:attachment":[{"href":"https:\/\/tvbrazilusa.com\/pt\/wp-json\/wp\/v2\/media?parent=48234"}],"wp:term":[{"taxonomy":"category","embeddable":true,"href":"https:\/\/tvbrazilusa.com\/pt\/wp-json\/wp\/v2\/categories?post=48234"},{"taxonomy":"post_tag","embeddable":true,"href":"https:\/\/tvbrazilusa.com\/pt\/wp-json\/wp\/v2\/tags?post=48234"}],"curies":[{"name":"wp","href":"https:\/\/api.w.org\/{rel}","templated":true}]}}