{"id":48257,"date":"2024-10-15T02:40:40","date_gmt":"2024-10-15T02:40:40","guid":{"rendered":"https:\/\/tvbrazilusa.com\/2024\/10\/15\/kamala-harris-concede-entrevista-a-fox-news-exibicao-prevista-para-quarta-feira-paulo-figueiredo\/"},"modified":"2024-10-15T04:26:36","modified_gmt":"2024-10-15T04:26:36","slug":"kamala-harris-concede-entrevista-a-fox-news-exibicao-prevista-para-quarta-feira-paulo-figueiredo","status":"publish","type":"post","link":"https:\/\/tvbrazilusa.com\/pt\/2024\/10\/15\/kamala-harris-concede-entrevista-a-fox-news-exibicao-prevista-para-quarta-feira-paulo-figueiredo\/","title":{"rendered":"Kamala Harris Concede Entrevista \u00e0 Fox News; Exibi\u00e7\u00e3o Prevista para Quarta-feira &#8211; Paulo Figueiredo"},"content":{"rendered":"<p> <script async src=\"https:\/\/pagead2.googlesyndication.com\/pagead\/js\/adsbygoogle.js?client=ca-pub-8864793242727901\"\r\n     crossorigin=\"anonymous\"><\/script><br \/>\n<\/p>\n<div id=\"wtr-content\" data-bg=\"#FFFFFF\" data-fg=\"#006d91\" data-width=\"25\" data-mute=\"1\" data-fgopacity=\"1.00\" data-mutedopacity=\"0.5\" data-placement=\"bottom\" data-placement-offset=\"0\" data-content-offset=\"262\" data-placement-touch=\"bottom\" data-placement-offset-touch=\"0\" data-transparent=\"\" data-shadow=\"0\" data-touch=\"1\" data-non-touch=\"1\" data-comments=\"0\" data-commentsbg=\"transparent\" data-location=\"page\" data-mutedfg=\"#006d91\" data-endfg=\"#006d91\" data-rtl=\"\">\n<p class=\"has-small-font-size\">Foto \u2013 Rebecca Noble<\/p>\n<p>A vice-presidente dos Estados Unidos, <strong>Kamala Harris<\/strong>, concordou em conceder uma entrevista exclusiva \u00e0 <strong>Fox News<\/strong>, que ser\u00e1 transmitida nesta quarta-feira, 16\/10, \u00e0s 18h (hor\u00e1rio do leste dos EUA). A entrevista ser\u00e1 conduzida pelo renomado jornalista <strong>Bret Baier<\/strong>, uma das principais figuras da emissora, sendo gravada as 11h da quarta feira a tarde.<\/p>\n<p>A decis\u00e3o de Harris de participar de uma entrevista na Fox New, \u00e9 considerada um movimento estrat\u00e9gico \u00e0 medida que as elei\u00e7\u00f5es presidenciais se aproximam e a disputa com o ex-presidente <strong>Donald Trump<\/strong> se intensifica.<\/p>\n<p>Essa ser\u00e1 uma rara oportunidade para Harris se dirigir diretamente ao p\u00fablico da Fox News, conhecido por ter uma audi\u00eancia majoritariamente conservadora. A entrevista tamb\u00e9m \u00e9 uma oportunidade para ela apresentar suas propostas e responder \u00e0s cr\u00edticas que t\u00eam sido direcionadas \u00e0 sua gest\u00e3o como vice-presidente. Al\u00e9m disso, a entrevista ocorre em um momento crucial, faltando menos de um m\u00eas para as elei\u00e7\u00f5es presidenciais de 2024, nas quais Harris enfrentar\u00e1 uma disputa acirrada com Trump.<\/p>\n<p>Espera-se que o jornalista Bret Baier, conhecido por suas entrevistas incisivas, questione Harris sobre temas centrais da campanha, como a economia, imigra\u00e7\u00e3o, pol\u00edtica externa e as cr\u00edticas ao governo Biden-Harris. Quest\u00f5es pol\u00eamicas, como a retirada do Afeganist\u00e3o e as pol\u00edticas de fronteira, tamb\u00e9m podem ser abordadas.<\/p>\n<p>Essa entrevista ser\u00e1 marcada como a primeira vez que um candidato presidencial democrata concede uma entrevista para a poderosa rede de not\u00edcias a cabo <strong>desde julho de 2016,<\/strong> quando <strong>Hillary Clinton<\/strong> foi questionada pelo ent\u00e3o apresentador do \u201cFox News Sunday\u201d, <strong>Chris Wallace<\/strong>.<\/p>\n<p>O presidente <strong>Joe Biden<\/strong> nunca fez uma entrevista individual com a rede, seja como candidato ou como comandante-chefe.<\/p>\n<p>Para muitos, a entrevista representa um esfor\u00e7o por parte da vice-presidente de tentar conquistar eleitores independentes e moderados, essenciais para uma vit\u00f3ria nas elei\u00e7\u00f5es. A entrevista tamb\u00e9m ser\u00e1 um teste de como Harris lida com uma audi\u00eancia que pode ser menos favor\u00e1vel e suas \u201chabilidades\u201d em apresentar sua mensagem de forma eficaz em um ambiente que poder\u00e1 ser hostil para ela.<\/p>\n<p>A campanha de Trump criticou Harris por n\u00e3o estar disposta a aparecer em redes que n\u00e3o fa\u00e7am perguntas mais desafiadoras.<\/p>\n<p>O 45\u00ba presidente vinha pressionando Harris a participar de um debate no in\u00edcio de setembro na <strong>Fox News<\/strong>, mas ela recusou, pedindo em vez disso por um segundo debate em outubro na <strong>CNN<\/strong>.<\/p>\n<p>Tamb\u00e9m na quarta-feira, a <strong>Fox News<\/strong> vai sediar um f\u00f3rum com Trump, falando exclusivamente para eleitores do sexo feminino. Esse evento ser\u00e1 transmitido \u00e0s 11h da manh\u00e3.<\/p>\n<p><strong><a href=\"https:\/\/nypost.com\/2024\/10\/14\/us-news\/kamala-harris-to-sit-down-for-fox-news-interview-with-bret-baier-with-election-day-just-three-weeks-away\/\">Source link<\/a><\/strong><\/p>\n<\/div>\n<p><br \/>\n<br \/><a href=\"https:\/\/paulofigueiredoshow.com\/kamala-harris-concede-entrevista-a-fox-news-exibicao-prevista-para-quarta-feira\/\">Source link <\/a><\/p>","protected":false},"excerpt":{"rendered":"<p>Foto \u2013 Rebecca Noble A vice-presidente dos Estados Unidos, Kamala Harris, concordou em conceder uma entrevista exclusiva \u00e0 Fox News, que ser\u00e1 transmitida nesta quarta-feira, 16\/10, \u00e0s 18h (hor\u00e1rio do&hellip;<\/p>","protected":false},"author":1,"featured_media":21617,"comment_status":"closed","ping_status":"open","sticky":false,"template":"","format":"standard","meta":{"content-type":"","footnotes":""},"categories":[16],"tags":[27579,2218,1408,137,6957,1535,312],"class_list":["post-48257","post","type-post","status-publish","format-standard","has-post-thumbnail","hentry","category-noticias","tag-bret-baier","tag-candidata","tag-eleicoes","tag-entrevista","tag-fox","tag-kamala","tag-novembro"],"_links":{"self":[{"href":"https:\/\/tvbrazilusa.com\/pt\/wp-json\/wp\/v2\/posts\/48257","targetHints":{"allow":["GET"]}}],"collection":[{"href":"https:\/\/tvbrazilusa.com\/pt\/wp-json\/wp\/v2\/posts"}],"about":[{"href":"https:\/\/tvbrazilusa.com\/pt\/wp-json\/wp\/v2\/types\/post"}],"author":[{"embeddable":true,"href":"https:\/\/tvbrazilusa.com\/pt\/wp-json\/wp\/v2\/users\/1"}],"replies":[{"embeddable":true,"href":"https:\/\/tvbrazilusa.com\/pt\/wp-json\/wp\/v2\/comments?post=48257"}],"version-history":[{"count":1,"href":"https:\/\/tvbrazilusa.com\/pt\/wp-json\/wp\/v2\/posts\/48257\/revisions"}],"predecessor-version":[{"id":48258,"href":"https:\/\/tvbrazilusa.com\/pt\/wp-json\/wp\/v2\/posts\/48257\/revisions\/48258"}],"wp:featuredmedia":[{"embeddable":true,"href":"https:\/\/tvbrazilusa.com\/pt\/wp-json\/wp\/v2\/media\/21617"}],"wp:attachment":[{"href":"https:\/\/tvbrazilusa.com\/pt\/wp-json\/wp\/v2\/media?parent=48257"}],"wp:term":[{"taxonomy":"category","embeddable":true,"href":"https:\/\/tvbrazilusa.com\/pt\/wp-json\/wp\/v2\/categories?post=48257"},{"taxonomy":"post_tag","embeddable":true,"href":"https:\/\/tvbrazilusa.com\/pt\/wp-json\/wp\/v2\/tags?post=48257"}],"curies":[{"name":"wp","href":"https:\/\/api.w.org\/{rel}","templated":true}]}}