{"id":48261,"date":"2024-10-15T04:39:15","date_gmt":"2024-10-15T04:39:15","guid":{"rendered":"https:\/\/tvbrazilusa.com\/2024\/10\/15\/cade-a-luz-moradores-fazem-panelaco-em-protesto-contra-o-apagao\/"},"modified":"2024-10-15T04:39:16","modified_gmt":"2024-10-15T04:39:16","slug":"cade-a-luz-moradores-fazem-panelaco-em-protesto-contra-o-apagao","status":"publish","type":"post","link":"https:\/\/tvbrazilusa.com\/pt\/2024\/10\/15\/cade-a-luz-moradores-fazem-panelaco-em-protesto-contra-o-apagao\/","title":{"rendered":"&#8216;Cad\u00ea a luz?&#8217;: moradores fazem panela\u00e7o em protesto contra o apag\u00e3o"},"content":{"rendered":"<p> <script async src=\"https:\/\/pagead2.googlesyndication.com\/pagead\/js\/adsbygoogle.js?client=ca-pub-8864793242727901\"\r\n     crossorigin=\"anonymous\"><\/script><br \/>\n<\/p>\n<div id=\"taboola-read-more\" style=\"display:block; width:100%\">\n<p>O apag\u00e3o que atinge pelo menos 400 mil na capital paulista, ap\u00f3s temporal que atingiu a cidade e munic\u00edpios da regi\u00e3o metropolitana, na sexta passada, tem provocado caos na vida da popula\u00e7\u00e3o. Na zona sul, moradores fizeram um panela\u00e7o na Estrada do Campo Limpo, altura do n\u00famero 291, para cobrar a volta da energia el\u00e9trica no bairro.\n<\/p>\n<p>Durante a manifesta\u00e7\u00e3o, no in\u00edcio da noite desta segunda-feira (14\/10), a professora aposentada Sueli Martinez, de 59 anos, cobra o posicionamento das autoridades sobre o reestabelecimento da energia no bairro \u2013 a popula\u00e7\u00e3o est\u00e3o sem luz desde \u00c0s 19h30 da \u00faltima sexta-feira (11\/10) na regi\u00e3o<\/p>\n<p>\u201cJ\u00e1 perdi toda a comida que eu tinha na geladeira e no freezer. Estragou tudo. Joguei tudo fora\u201d, lamentou a professora aposentada.\n<\/p>\n<p>Mais cedo, na regi\u00e3o do Alto da Boa Vista, moradores denunciavam \u00e1rvores ca\u00eddas e fios energizados no ch\u00e3o. Para o desespero da popula\u00e7\u00e3o, n\u00e3o havia qualquer posicionamento da Enel sobre o reestabelecimento da energia no bairro.\n<\/p>\n<p>Fonte: Metr\u00f3poles <\/p>\n<\/div>\n<p><br \/>\n<br \/><a href=\"https:\/\/diariodobrasilnoticias.com.br\/noticia\/-cade-a-luz-moradores-fazem-panelaco-em-protesto-contra-o-apagao-670da0779f045\">Source link <\/a><\/p>","protected":false},"excerpt":{"rendered":"<p>O apag\u00e3o que atinge pelo menos 400 mil na capital paulista, ap\u00f3s temporal que atingiu a cidade e munic\u00edpios da regi\u00e3o metropolitana, na sexta passada, tem provocado caos na vida&hellip;<\/p>","protected":false},"author":1,"featured_media":48262,"comment_status":"closed","ping_status":"open","sticky":false,"template":"","format":"standard","meta":{"content-type":"","footnotes":""},"categories":[16],"tags":[123,2448,5313,1267],"class_list":["post-48261","post","type-post","status-publish","format-standard","has-post-thumbnail","hentry","category-noticias","tag-brasil","tag-diario","tag-noticia","tag-noticias"],"_links":{"self":[{"href":"https:\/\/tvbrazilusa.com\/pt\/wp-json\/wp\/v2\/posts\/48261","targetHints":{"allow":["GET"]}}],"collection":[{"href":"https:\/\/tvbrazilusa.com\/pt\/wp-json\/wp\/v2\/posts"}],"about":[{"href":"https:\/\/tvbrazilusa.com\/pt\/wp-json\/wp\/v2\/types\/post"}],"author":[{"embeddable":true,"href":"https:\/\/tvbrazilusa.com\/pt\/wp-json\/wp\/v2\/users\/1"}],"replies":[{"embeddable":true,"href":"https:\/\/tvbrazilusa.com\/pt\/wp-json\/wp\/v2\/comments?post=48261"}],"version-history":[{"count":1,"href":"https:\/\/tvbrazilusa.com\/pt\/wp-json\/wp\/v2\/posts\/48261\/revisions"}],"predecessor-version":[{"id":48263,"href":"https:\/\/tvbrazilusa.com\/pt\/wp-json\/wp\/v2\/posts\/48261\/revisions\/48263"}],"wp:featuredmedia":[{"embeddable":true,"href":"https:\/\/tvbrazilusa.com\/pt\/wp-json\/wp\/v2\/media\/48262"}],"wp:attachment":[{"href":"https:\/\/tvbrazilusa.com\/pt\/wp-json\/wp\/v2\/media?parent=48261"}],"wp:term":[{"taxonomy":"category","embeddable":true,"href":"https:\/\/tvbrazilusa.com\/pt\/wp-json\/wp\/v2\/categories?post=48261"},{"taxonomy":"post_tag","embeddable":true,"href":"https:\/\/tvbrazilusa.com\/pt\/wp-json\/wp\/v2\/tags?post=48261"}],"curies":[{"name":"wp","href":"https:\/\/api.w.org\/{rel}","templated":true}]}}