{"id":48266,"date":"2024-10-15T04:54:01","date_gmt":"2024-10-15T04:54:01","guid":{"rendered":"https:\/\/tvbrazilusa.com\/2024\/10\/15\/filha-de-iza-e-yuri-lima-e-alvo-de-ataques-na-internet\/"},"modified":"2024-10-15T04:54:01","modified_gmt":"2024-10-15T04:54:01","slug":"filha-de-iza-e-yuri-lima-e-alvo-de-ataques-na-internet","status":"publish","type":"post","link":"https:\/\/tvbrazilusa.com\/pt\/2024\/10\/15\/filha-de-iza-e-yuri-lima-e-alvo-de-ataques-na-internet\/","title":{"rendered":"Filha de Iza e Yuri Lima \u00e9 alvo de ataques na internet"},"content":{"rendered":"<p> <script async src=\"https:\/\/pagead2.googlesyndication.com\/pagead\/js\/adsbygoogle.js?client=ca-pub-8864793242727901\"\r\n     crossorigin=\"anonymous\"><\/script><br \/>\n<\/p>\n<div id=\"taboola-read-more\" style=\"display:block; width:100%\">\n<p>Nala, filha de Iza com Yuri Lima, nasceu no \u00faltimo domingo (13\/10), mas j\u00e1 est\u00e1 sendo v\u00edtima de ataques preconceituosos vindo de internautas. A primog\u00eanita do casal foi anunciada atrav\u00e9s de uma foto compartilhada nas redes sociais dos pais de primeira viagem.\n<\/p>\n<p>\u201cQue tu virias numa manh\u00e3 de domingo, eu te anuncio nos sinos das catedrais\u2026\u201d, escreveu a cantora ao publicar a imagem da m\u00e3ozinha da menina.<\/p>\n<p>No entanto, internautas contestaram a ra\u00e7a de Nala, disparando mensagens de \u00f3dio na web:\n<\/p>\n<p>\u201cN\u00e3o palmitem! A filha da Iza nasceu BRANCA. BRANCAAAA!\u201d, falou uma pessoa. \u201cBranca? N\u00e3o queremos\u201d, desdenhou uma segunda. \u201cNossa! E a menina nasceu branca? Coitada!\u201d, comentou mais uma.\n<\/p>\n<p>Numa outra conversa, um usu\u00e1rio da internet reagiu: \u201cA \u2018pirraia\u2019 nasceu branca? Que mico!\u201d. \u201cMico por qu\u00ea?\u201d, quis saber um outro. \u201cA Iza palmitou, levou chifre do branco, dublou Rei Le\u00e3o, batizou a filha de Nala e, mesmo sendo um s\u00edmbolo feminista preto, vai passar o resto da vida amando a filha branca, de um claro b\u00e1sico\u201d.\n<\/p>\n<p>Um homem adentrou mais sobre o assunto, que foi um dos mais comentados no X. \u201cO Racismo foi um termo criado pra nomear o que Hitler fazia com os judeus, que eram BRANCOS\u2026 \u00c9 UM DADO HIST\u00d3RICO MUITO VALIOSO que muita gente n\u00e3o sabe, mas que pode irritar uma galera que adora ser racista gratuitamente, com a pecha de que \u2018s\u00f3 porque \u00e9 branco, pode\u2019\u201d, pontuou.\n<\/p>\n<p>Um outro tamb\u00e9m criticou o \u00f3dio gratuito relacionado \u00e0 filha de Iza: \u201cS\u00f3 tem doente. Olha que est\u00e3o falando de um beb\u00ea inocente. Imagina se essa gente tivesse poderes, o que poderiam estar fazendo d\u00e9cadas atr\u00e1s. A mente do ser humano \u00e9 perversa e podre\u201d.\n<\/p>\n<p>Iza e Yuri Lima ainda n\u00e3o mostraram o rosto de Nala e nem se manifestaram depois da chegada da crian\u00e7a.\n<\/p>\n<p>Fonte: Metr\u00f3poles\n<\/p>\n<\/div>\n<p><br \/>\n<br \/><a href=\"https:\/\/diariodobrasilnoticias.com.br\/noticia\/filha-de-iza-e-yuri-lima-e-alvo-de-ataques-na-internet-670da65c27d7b\">Source link <\/a><\/p>","protected":false},"excerpt":{"rendered":"<p>Nala, filha de Iza com Yuri Lima, nasceu no \u00faltimo domingo (13\/10), mas j\u00e1 est\u00e1 sendo v\u00edtima de ataques preconceituosos vindo de internautas. A primog\u00eanita do casal foi anunciada atrav\u00e9s&hellip;<\/p>","protected":false},"author":1,"featured_media":48267,"comment_status":"closed","ping_status":"open","sticky":false,"template":"","format":"standard","meta":{"content-type":"","footnotes":""},"categories":[16],"tags":[123,2448,5313,1267],"class_list":["post-48266","post","type-post","status-publish","format-standard","has-post-thumbnail","hentry","category-noticias","tag-brasil","tag-diario","tag-noticia","tag-noticias"],"_links":{"self":[{"href":"https:\/\/tvbrazilusa.com\/pt\/wp-json\/wp\/v2\/posts\/48266","targetHints":{"allow":["GET"]}}],"collection":[{"href":"https:\/\/tvbrazilusa.com\/pt\/wp-json\/wp\/v2\/posts"}],"about":[{"href":"https:\/\/tvbrazilusa.com\/pt\/wp-json\/wp\/v2\/types\/post"}],"author":[{"embeddable":true,"href":"https:\/\/tvbrazilusa.com\/pt\/wp-json\/wp\/v2\/users\/1"}],"replies":[{"embeddable":true,"href":"https:\/\/tvbrazilusa.com\/pt\/wp-json\/wp\/v2\/comments?post=48266"}],"version-history":[{"count":1,"href":"https:\/\/tvbrazilusa.com\/pt\/wp-json\/wp\/v2\/posts\/48266\/revisions"}],"predecessor-version":[{"id":48268,"href":"https:\/\/tvbrazilusa.com\/pt\/wp-json\/wp\/v2\/posts\/48266\/revisions\/48268"}],"wp:featuredmedia":[{"embeddable":true,"href":"https:\/\/tvbrazilusa.com\/pt\/wp-json\/wp\/v2\/media\/48267"}],"wp:attachment":[{"href":"https:\/\/tvbrazilusa.com\/pt\/wp-json\/wp\/v2\/media?parent=48266"}],"wp:term":[{"taxonomy":"category","embeddable":true,"href":"https:\/\/tvbrazilusa.com\/pt\/wp-json\/wp\/v2\/categories?post=48266"},{"taxonomy":"post_tag","embeddable":true,"href":"https:\/\/tvbrazilusa.com\/pt\/wp-json\/wp\/v2\/tags?post=48266"}],"curies":[{"name":"wp","href":"https:\/\/api.w.org\/{rel}","templated":true}]}}