{"id":48274,"date":"2024-10-15T05:15:47","date_gmt":"2024-10-15T05:15:47","guid":{"rendered":"https:\/\/tvbrazilusa.com\/2024\/10\/15\/dorival-confirma-gerson-como-substituto-de-paqueta-na-equipe-que-enfrentara-o-peru-em-brasilia\/"},"modified":"2024-10-15T05:15:48","modified_gmt":"2024-10-15T05:15:48","slug":"dorival-confirma-gerson-como-substituto-de-paqueta-na-equipe-que-enfrentara-o-peru-em-brasilia","status":"publish","type":"post","link":"https:\/\/tvbrazilusa.com\/pt\/2024\/10\/15\/dorival-confirma-gerson-como-substituto-de-paqueta-na-equipe-que-enfrentara-o-peru-em-brasilia\/","title":{"rendered":"Dorival confirma Gerson como substituto de Paquet\u00e1 na equipe que enfrentar\u00e1 o Peru em Bras\u00edlia"},"content":{"rendered":"<p> <script async src=\"https:\/\/pagead2.googlesyndication.com\/pagead\/js\/adsbygoogle.js?client=ca-pub-8864793242727901\"\r\n     crossorigin=\"anonymous\"><\/script><br \/>\n<\/p>\n<div id=\"taboola-read-more\" style=\"display:block; width:100%\">\n<p>O t\u00e9cnico da sele\u00e7\u00e3o brasileira, Dorival J\u00fanior, anunciou nesta segunda-feira tr\u00eas mudan\u00e7as na escala\u00e7\u00e3o do time que vai enfrentar o Peru na noite desta ter\u00e7a. Gerson entra no lugar Lucas Paquet\u00e1, que est\u00e1 suspenso; Vanderson substitui Danilo; e Bruno Guimar\u00e3es assume a vaga de Andr\u00e9. O jogo ser\u00e1 realizado no est\u00e1dio Man\u00e9 Garrincha, em Bras\u00edlia.\n<\/p>\n<p>Dorival tamb\u00e9m informou que o zagueiro Marquinhos ser\u00e1 o novo capit\u00e3o do time. Ele assume o papel que vinha sendo desempenhado pelo lateral-direito Danilo.<\/p>\n<p>O time completo que vai enfrentar o Peru ser\u00e1: Ederson, Vanderson, Marquinhos, Gabriel Magalh\u00e3es e Abner; Bruno Guimar\u00e3es, Gerson e Rodrygo; Raphinha, Savinho e Igor Jesus.\n<\/p>\n<p><strong>Martinelli sofre les\u00e3o<\/strong><br \/>No treino de domingo, o atacante Gabriel Martinelli sofreu um pequeno edema muscular na panturrilha direita e virou d\u00favida para o jogo.\n<\/p>\n<p>Martinelli reclamou de dores no local durante o treino deste domingo, no Bezerr\u00e3o, e ap\u00f3s um exame de resson\u00e2ncia magn\u00e9tica, foi constatado o edema. O atacante ter\u00e1 que passar por fisioterapia nesta segunda-feira para ter condi\u00e7\u00f5es de ser uma op\u00e7\u00e3o para Dorival na ter\u00e7a.\n<\/p>\n<p>Brasil e Peru se enfrentam nesta ter\u00e7a-feira, \u00e0s 21h45, no Est\u00e1dio Man\u00e9 Garrincha, em Bras\u00edlia, pela 10\u00aa rodada das Eliminat\u00f3rias Sul-Americanas para a Copa do Mundo de 2026. A sele\u00e7\u00e3o brasileira est\u00e1 na quarta coloca\u00e7\u00e3o com 13 pontos, enquanto os peruanos est\u00e3o em 9\u00ba, com seis pontos.\n<\/p>\n<p>Fonte: Extra <\/p>\n<\/div>\n<p><br \/>\n<br \/><a href=\"https:\/\/diariodobrasilnoticias.com.br\/noticia\/dorival-confirma-gerson-como-substituto-de-paqueta-na-equipe-que-enfrentara-o-peru-em-brasilia-670d9b5682af5\">Source link <\/a><\/p>","protected":false},"excerpt":{"rendered":"<p>O t\u00e9cnico da sele\u00e7\u00e3o brasileira, Dorival J\u00fanior, anunciou nesta segunda-feira tr\u00eas mudan\u00e7as na escala\u00e7\u00e3o do time que vai enfrentar o Peru na noite desta ter\u00e7a. Gerson entra no lugar Lucas&hellip;<\/p>","protected":false},"author":1,"featured_media":48275,"comment_status":"closed","ping_status":"open","sticky":false,"template":"","format":"standard","meta":{"content-type":"","footnotes":""},"categories":[16],"tags":[123,2448,5313,1267],"class_list":["post-48274","post","type-post","status-publish","format-standard","has-post-thumbnail","hentry","category-noticias","tag-brasil","tag-diario","tag-noticia","tag-noticias"],"_links":{"self":[{"href":"https:\/\/tvbrazilusa.com\/pt\/wp-json\/wp\/v2\/posts\/48274","targetHints":{"allow":["GET"]}}],"collection":[{"href":"https:\/\/tvbrazilusa.com\/pt\/wp-json\/wp\/v2\/posts"}],"about":[{"href":"https:\/\/tvbrazilusa.com\/pt\/wp-json\/wp\/v2\/types\/post"}],"author":[{"embeddable":true,"href":"https:\/\/tvbrazilusa.com\/pt\/wp-json\/wp\/v2\/users\/1"}],"replies":[{"embeddable":true,"href":"https:\/\/tvbrazilusa.com\/pt\/wp-json\/wp\/v2\/comments?post=48274"}],"version-history":[{"count":1,"href":"https:\/\/tvbrazilusa.com\/pt\/wp-json\/wp\/v2\/posts\/48274\/revisions"}],"predecessor-version":[{"id":48276,"href":"https:\/\/tvbrazilusa.com\/pt\/wp-json\/wp\/v2\/posts\/48274\/revisions\/48276"}],"wp:featuredmedia":[{"embeddable":true,"href":"https:\/\/tvbrazilusa.com\/pt\/wp-json\/wp\/v2\/media\/48275"}],"wp:attachment":[{"href":"https:\/\/tvbrazilusa.com\/pt\/wp-json\/wp\/v2\/media?parent=48274"}],"wp:term":[{"taxonomy":"category","embeddable":true,"href":"https:\/\/tvbrazilusa.com\/pt\/wp-json\/wp\/v2\/categories?post=48274"},{"taxonomy":"post_tag","embeddable":true,"href":"https:\/\/tvbrazilusa.com\/pt\/wp-json\/wp\/v2\/tags?post=48274"}],"curies":[{"name":"wp","href":"https:\/\/api.w.org\/{rel}","templated":true}]}}