{"id":48302,"date":"2024-10-15T10:03:22","date_gmt":"2024-10-15T10:03:22","guid":{"rendered":"https:\/\/tvbrazilusa.com\/2024\/10\/15\/silveira-e-lula-confraternizaram-com-ceo-da-enel-em-junho\/"},"modified":"2024-10-15T10:03:23","modified_gmt":"2024-10-15T10:03:23","slug":"silveira-e-lula-confraternizaram-com-ceo-da-enel-em-junho","status":"publish","type":"post","link":"https:\/\/tvbrazilusa.com\/pt\/2024\/10\/15\/silveira-e-lula-confraternizaram-com-ceo-da-enel-em-junho\/","title":{"rendered":"Silveira e Lula confraternizaram com CEO da Enel em junho"},"content":{"rendered":"<p> <script async src=\"https:\/\/pagead2.googlesyndication.com\/pagead\/js\/adsbygoogle.js?client=ca-pub-8864793242727901\"\r\n     crossorigin=\"anonymous\"><\/script><br \/>\n<\/p>\n<div id=\"taboola-read-more\" style=\"display:block; width:100%\">\n<p>O apag\u00e3o de grandes consequ\u00eancias que atinge a Grande S\u00e3o Paulo desde a 6\u00aa feira (11.out.2024) reacendeu a crise na rela\u00e7\u00e3o entre o governo e a Enel pelos sucessivos casos de falta de energia el\u00e9trica. Nesta 2\u00aa feira (14.out.2024), o ministro Alexandre Silveira (Minas e Energia), deu 3 dias para que a companhia restabele\u00e7a completamente a energia na regi\u00e3o \u2013o que a Enel disse que cumprir\u00e1 .\n<\/p>\n<p>Em junho, no entanto, o ministro e o presidente Luiz In\u00e1cio Lula da Silva (PT) confraternizaram com o CEO global da Enel, Fl\u00e1vio Cattaneo, durante encontro do G7, na It\u00e1lia. Na \u00e9poca, Lula disse que o Brasil estava disposto a renovar o contrato com a Enel se a empresa assumisse o compromisso de ampliar os investimentos no pa\u00eds.<\/p>\n<p>Na ocasi\u00e3o, a concession\u00e1ria italiana disse em seu site oficial : \u201c [&#8230;] O governo brasileiro chegou a um acordo total com a nova gest\u00e3o da Enel, para quem o Brasil \u00e9 um dos pa\u00edses mais importantes em sua estrat\u00e9gia de crescimento\u201d .\n<\/p>\n<p>Em junho, Lula informou que teria uma reuni\u00e3o com Silveira para discutir formas de continuar com o contrato e que a organiza\u00e7\u00e3o garantisse que as cidades atendidas n\u00e3o registrariam novos epis\u00f3dios de pagamento. Em novembro e mar\u00e7o, moradores de diversos bairros do Estado de S\u00e3o Paulo ficaram sem energia . O mesmo aconteceu 4 meses depois de uma companhia ter dito que renovou uma \u201crela\u00e7\u00e3o de confian\u00e7a com o Brasil\u201d .\n<\/p>\n<p>Em junho, Silveira e Lula confraternizaram com CEO da Enel\n<\/p>\n<p>Nesta manh\u00e3, Silveira se reuniu com a Enel e com a Aneel (Ag\u00eancia Nacional de Energia El\u00e9trica). Em entrevista logo depois, o ministro afirmou que a empresa cometeu um grave erro e que descumpria o contrato por n\u00e3o dar uma previs\u00e3o objetiva de retomada da energia el\u00e9trica.\n<\/p>\n<p>Tamb\u00e9m nesta 2\u00aa feira (14.out), o ministro da CGU (Controladoria Geral da Uni\u00e3o), Vin\u00edcius Marques de Carvalho, afirmou que abriu uma auditoria da Aneel para investigar a atua\u00e7\u00e3o da ag\u00eancia na fiscaliza\u00e7\u00e3o da presta\u00e7\u00e3o de servi\u00e7o pela companhia italiana em S\u00e3o Paulo Paulo. De acordo com o ministro, a decis\u00e3o foi tomada a pedido do presidente Lula para evitar novos apag\u00f5es.\n<\/p>\n<p>ENEL<br \/>A Enel \u00e9 uma companhia italiana, ainda com participa\u00e7\u00e3o estatal do governo da It\u00e1lia, que assumiu as opera\u00e7\u00f5es da Eletropaulo em 2018. \u00c9 considerada a 2\u00aa maior distribuidora de energia el\u00e9trica do pa\u00eds em n\u00famero de consumidores \u2013atr\u00e1s apenas da Cemig. No Brasil, tem opera\u00e7\u00f5es em S\u00e3o Paulo, Rio de Janeiro e Cear\u00e1. Leia mais sobre a Enel .\n<\/p>\n<p>Este \u00e9 o 2\u00ba blecaute em menos de 1 ano. Em novembro de 2023, S\u00e3o Paulo passou por um apag\u00e3o de grandes propor\u00e7\u00f5es que deixou a cidade e regi\u00e3o metropolitana sem luz por 4 dias. Foi resultado do temporal registrado em diversas cidades do Estado e que deixou 7 pessoas mortas.\n<\/p>\n<p>APAG\u00c3O EM SP<br \/>Um novo an\u00fancio que atingiu a cidade de S\u00e3o Paulo e regi\u00e3o metropolitana na 6\u00aa feira (11.out). Este \u00e9 o 2\u00ba grande desastre que atinge a cidade em 1 ano, mas problemas na distribuidora n\u00e3o se restringem ao Estado.\n<\/p>\n<p>Fonte: Poder 360 <\/p>\n<\/div>\n<p><br \/>\n<br \/><a href=\"https:\/\/diariodobrasilnoticias.com.br\/noticia\/silveira-e-lula-confraternizaram-com-ceo-da-enel-em-junho-670e3ccb758cd\">Source link <\/a><\/p>","protected":false},"excerpt":{"rendered":"<p>O apag\u00e3o de grandes consequ\u00eancias que atinge a Grande S\u00e3o Paulo desde a 6\u00aa feira (11.out.2024) reacendeu a crise na rela\u00e7\u00e3o entre o governo e a Enel pelos sucessivos casos&hellip;<\/p>","protected":false},"author":1,"featured_media":48303,"comment_status":"closed","ping_status":"open","sticky":false,"template":"","format":"standard","meta":{"content-type":"","footnotes":""},"categories":[16],"tags":[123,2448,5313,1267],"class_list":["post-48302","post","type-post","status-publish","format-standard","has-post-thumbnail","hentry","category-noticias","tag-brasil","tag-diario","tag-noticia","tag-noticias"],"_links":{"self":[{"href":"https:\/\/tvbrazilusa.com\/pt\/wp-json\/wp\/v2\/posts\/48302","targetHints":{"allow":["GET"]}}],"collection":[{"href":"https:\/\/tvbrazilusa.com\/pt\/wp-json\/wp\/v2\/posts"}],"about":[{"href":"https:\/\/tvbrazilusa.com\/pt\/wp-json\/wp\/v2\/types\/post"}],"author":[{"embeddable":true,"href":"https:\/\/tvbrazilusa.com\/pt\/wp-json\/wp\/v2\/users\/1"}],"replies":[{"embeddable":true,"href":"https:\/\/tvbrazilusa.com\/pt\/wp-json\/wp\/v2\/comments?post=48302"}],"version-history":[{"count":1,"href":"https:\/\/tvbrazilusa.com\/pt\/wp-json\/wp\/v2\/posts\/48302\/revisions"}],"predecessor-version":[{"id":48304,"href":"https:\/\/tvbrazilusa.com\/pt\/wp-json\/wp\/v2\/posts\/48302\/revisions\/48304"}],"wp:featuredmedia":[{"embeddable":true,"href":"https:\/\/tvbrazilusa.com\/pt\/wp-json\/wp\/v2\/media\/48303"}],"wp:attachment":[{"href":"https:\/\/tvbrazilusa.com\/pt\/wp-json\/wp\/v2\/media?parent=48302"}],"wp:term":[{"taxonomy":"category","embeddable":true,"href":"https:\/\/tvbrazilusa.com\/pt\/wp-json\/wp\/v2\/categories?post=48302"},{"taxonomy":"post_tag","embeddable":true,"href":"https:\/\/tvbrazilusa.com\/pt\/wp-json\/wp\/v2\/tags?post=48302"}],"curies":[{"name":"wp","href":"https:\/\/api.w.org\/{rel}","templated":true}]}}