{"id":48323,"date":"2024-10-15T11:44:10","date_gmt":"2024-10-15T11:44:10","guid":{"rendered":"https:\/\/tvbrazilusa.com\/2024\/10\/15\/brasileiros-atingem-recorde-de-e-1-bilhao-em-contribuicoes-a-previdencia-de-portugal\/"},"modified":"2024-10-15T11:44:11","modified_gmt":"2024-10-15T11:44:11","slug":"brasileiros-atingem-recorde-de-e-1-bilhao-em-contribuicoes-a-previdencia-de-portugal","status":"publish","type":"post","link":"https:\/\/tvbrazilusa.com\/pt\/2024\/10\/15\/brasileiros-atingem-recorde-de-e-1-bilhao-em-contribuicoes-a-previdencia-de-portugal\/","title":{"rendered":"Brasileiros atingem recorde de \u20ac 1 bilh\u00e3o em contribui\u00e7\u00f5es \u00e0 Previd\u00eancia de Portugal"},"content":{"rendered":"<p> <script async src=\"https:\/\/pagead2.googlesyndication.com\/pagead\/js\/adsbygoogle.js?client=ca-pub-8864793242727901\"\r\n     crossorigin=\"anonymous\"><\/script><br \/>\n<\/p>\n<div data-block-type=\"raw\" data-block-weight=\"31\">\n<p>\u00c9 o terceiro ano consecutivo que os brasileiros s\u00e3o os maiores contribuintes entre os residentes estrangeiros. Mas \u00e9 a primeira vez que os pagamentos chegam a milh\u00f5es.<\/p>\n<p>Segundo dados enviados ao Portugal Giro pelo Minist\u00e9rio do Trabalho, o total indica aumento de 57% sobre as contribui\u00e7\u00f5es brasileiras em 2022. E representa 35,9% da contribui\u00e7\u00e3o estrangeira geral em 2023.\n<\/p>\n<p>Ao todo, os imigrantes em Portugal desenvolveram com \u20ac 2,6 bilh\u00f5es (R$ 15,8 bilh\u00f5es). E recebeu \u20ac 483 milh\u00f5es (R$ 2,8 bilh\u00f5es) em parcelas de apoio social.\n<\/p>\n<p>O saldo positivo dos estrangeiros, de mais de \u20ac 2,2 bilh\u00f5es, desmente a ultradireita, que insiste na falsa informa\u00e7\u00e3o de que os imigrantes em Portugal dependem de subs\u00eddios sociais.\n<\/p>\n<p>Terceira for\u00e7a no Parlamento, a sigla de extrema direita O Chega usou a mentira da Previd\u00eancia na campanha \u00e0s elei\u00e7\u00f5es deste ano. Saltou de 12 para 50 deputados.\n<\/p>\n<p><strong>Imigrantes que mais desenvolvem<\/strong>\n<\/p>\n<ol>\n<li>Brasileiros: \u20ac 1,03 bilh\u00e3o<\/li>\n<li>Indianos: \u20ac 168 milh\u00f5es<\/li>\n<li>Nepaleses: \u20ac 102 milh\u00f5es<\/li>\n<li>Espanh\u00f3is: \u20ac 102 milh\u00f5es<\/li>\n<li>Cabo-verdianos: 88 milh\u00f5es de euros<\/li>\n<\/ol>\n<p>Fonte: O Globo\n<\/p>\n<\/div>\n<p><br \/>\n<br \/><a href=\"https:\/\/diariodobrasilnoticias.com.br\/noticia\/brasileiros-atingem-recorde-de-1-bilhao-em-contribuicoes-a-previdencia-de-portugal-670e4100e753c\">Source link <\/a><\/p>","protected":false},"excerpt":{"rendered":"<p>\u00c9 o terceiro ano consecutivo que os brasileiros s\u00e3o os maiores contribuintes entre os residentes estrangeiros. Mas \u00e9 a primeira vez que os pagamentos chegam a milh\u00f5es. Segundo dados enviados&hellip;<\/p>","protected":false},"author":1,"featured_media":48324,"comment_status":"closed","ping_status":"open","sticky":false,"template":"","format":"standard","meta":{"content-type":"","footnotes":""},"categories":[16],"tags":[123,2448,5313,1267],"class_list":["post-48323","post","type-post","status-publish","format-standard","has-post-thumbnail","hentry","category-noticias","tag-brasil","tag-diario","tag-noticia","tag-noticias"],"_links":{"self":[{"href":"https:\/\/tvbrazilusa.com\/pt\/wp-json\/wp\/v2\/posts\/48323","targetHints":{"allow":["GET"]}}],"collection":[{"href":"https:\/\/tvbrazilusa.com\/pt\/wp-json\/wp\/v2\/posts"}],"about":[{"href":"https:\/\/tvbrazilusa.com\/pt\/wp-json\/wp\/v2\/types\/post"}],"author":[{"embeddable":true,"href":"https:\/\/tvbrazilusa.com\/pt\/wp-json\/wp\/v2\/users\/1"}],"replies":[{"embeddable":true,"href":"https:\/\/tvbrazilusa.com\/pt\/wp-json\/wp\/v2\/comments?post=48323"}],"version-history":[{"count":1,"href":"https:\/\/tvbrazilusa.com\/pt\/wp-json\/wp\/v2\/posts\/48323\/revisions"}],"predecessor-version":[{"id":48325,"href":"https:\/\/tvbrazilusa.com\/pt\/wp-json\/wp\/v2\/posts\/48323\/revisions\/48325"}],"wp:featuredmedia":[{"embeddable":true,"href":"https:\/\/tvbrazilusa.com\/pt\/wp-json\/wp\/v2\/media\/48324"}],"wp:attachment":[{"href":"https:\/\/tvbrazilusa.com\/pt\/wp-json\/wp\/v2\/media?parent=48323"}],"wp:term":[{"taxonomy":"category","embeddable":true,"href":"https:\/\/tvbrazilusa.com\/pt\/wp-json\/wp\/v2\/categories?post=48323"},{"taxonomy":"post_tag","embeddable":true,"href":"https:\/\/tvbrazilusa.com\/pt\/wp-json\/wp\/v2\/tags?post=48323"}],"curies":[{"name":"wp","href":"https:\/\/api.w.org\/{rel}","templated":true}]}}