{"id":48326,"date":"2024-10-15T11:48:35","date_gmt":"2024-10-15T11:48:35","guid":{"rendered":"https:\/\/tvbrazilusa.com\/2024\/10\/15\/bill-belichick-critica-a-decisao-do-proprietario-dos-jets-woody-johnson\/"},"modified":"2024-10-15T12:00:58","modified_gmt":"2024-10-15T12:00:58","slug":"bill-belichick-critica-a-decisao-do-proprietario-dos-jets-woody-johnson","status":"publish","type":"post","link":"https:\/\/tvbrazilusa.com\/pt\/2024\/10\/15\/bill-belichick-critica-a-decisao-do-proprietario-dos-jets-woody-johnson\/","title":{"rendered":"Bill Belichick critica a decis\u00e3o do propriet\u00e1rio dos Jets, Woody Johnson"},"content":{"rendered":"<script async src=\"https:\/\/pagead2.googlesyndication.com\/pagead\/js\/adsbygoogle.js?client=ca-pub-8864793242727901\"\r\n     crossorigin=\"anonymous\"><\/script>\n<div>\n<p class=\"article__paragraph article__paragraph--left\" id=\"PBYIJMSHRFCIDJ4O3GMJQKLR5Q\">\u00c9 bem sabido que Bill Belichick n\u00e3o gosta dos Jets, e durante sua eventual derrota por 23-20 para o Buffalo Bills, ele teve a chance de atacar o dono do time no ar. <\/p>\n<p class=\"article__paragraph article__paragraph--left\" id=\"F727R5EK2NCB3KDB5TYZDPAZVM\">Belichick apareceu na transmiss\u00e3o \u201cManningCast\u201d do \u201cMonday Night Football\u201d da ESPN e falou sobre a decis\u00e3o de Woody Johnson de demitir o t\u00e9cnico Robert Saleh na semana passada.<\/p>\n<p class=\"article__paragraph article__paragraph--left\" id=\"2YSJSYTCVNA5BIO6T3Y6TVSBT4\"><b>COMPRAR BILHETES DE JATOS: <\/b><b>, <\/b><b>, <\/b><\/p>\n<p class=\"article__paragraph article__paragraph--left\" id=\"QC6S2MUD4RFRPO3KNMLGGDG4UM\">\u201cN\u00e3o sou um grande f\u00e3 dos Jets, caso voc\u00ea n\u00e3o saiba disso\u201d, disse Belichick a Eli e Peyton Manning na transmiss\u00e3o alternativa. \u201cEu gosto do Fireman Ed, mas \u00e9 isso. O t\u00e9cnico Saleh fez um bom trabalho com esse programa. Ele trouxe uma cultura, um n\u00edvel de resist\u00eancia e competitividade. \u2026 Achei que o t\u00e9cnico Saleh realmente fez um bom trabalho com esta equipe e eles provavelmente n\u00e3o est\u00e3o t\u00e3o longe de vencer.\u201d<\/p>\n<p class=\"article__paragraph article__paragraph--left\" id=\"LP3RPGAWUFGRXPVVAWLKEDRLHY\">Peyton Manning disse ent\u00e3o: \u201cPareceu-me muito cedo para fazer uma mudan\u00e7a de treinador\u201d.<\/p>\n<p class=\"article__paragraph article__paragraph--left\" id=\"D65A5S2SGVH4VIMZ3OTITAOXHI\">\u201cSim, bem, \u00e9 isso que acontece nos Jets\u201d, respondeu Belichick. \u201cEles mal ganharam mais de 30% nos \u00faltimos 10 anos. O dono sendo o dono, apenas pronto, atire, mire.\u201d<\/p>\n<p class=\"article__paragraph article__paragraph--left\" id=\"N7QD5KK7GNHOXGSEBVC2RV6SDU\">Saleh foi demitido depois que os Jets ca\u00edram para 2-3 com a derrota na semana 5 para os Vikings em Londres. Ele terminou sua passagem pelos Jets com um recorde de 20-36 em mais de tr\u00eas temporadas como t\u00e9cnico principal. A sua demiss\u00e3o foi um tanto intrigante, visto que ele era o t\u00e9cnico defensivo de um time cuja defesa \u00e9 uma das melhores do campeonato. Mas a equipe entrou na temporada com grandes expectativas e Johnson estava pronto para puxar o gatilho.<\/p>\n<p class=\"article__paragraph article__paragraph--left\" id=\"BTIFY626D5ETTO4M2J74XIABJM\">Ap\u00f3s a demiss\u00e3o de Saleh, o coordenador defensivo Jeff Ulbrich foi nomeado t\u00e9cnico interino e o coordenador ofensivo Nathaniel Hackett foi destitu\u00eddo de suas fun\u00e7\u00f5es de convoca\u00e7\u00e3o de jogo, que agora s\u00e3o administradas por Todd Downing.<\/p>\n<section class=\"Stories-By-Section-Tag-module_wrapper__69Ed7 Stories-By-Section-Tag-module_nj__RFbQx\"\/>\n<p class=\"article__paragraph article__paragraph--left\" id=\"U7Z6LWOV3RES3KMQ242LOKI5NY\"><i>Obrigado por confiar em n\u00f3s para fornecer o jornalismo em que voc\u00ea pode confiar. Por favor, considere nos apoiar com uma assinatura.<\/i><\/p>\n<p class=\"article__paragraph article__paragraph--left\" id=\"OQJ4UGMOZNBIFDMJCIX7KUZ3KY\"><i>Bridget Hyland pode ser contatada em <\/i><a href=\"https:\/\/www.nj.com\/sports\/2024\/10\/mailto:bhyland@njadvancemedia.com\"><i>bhyland@njadvancemedia.com<\/i><\/a><i>.<\/i><\/p>\n<\/div>\n<p><br \/>\n<br \/><a href=\"https:\/\/www.nj.com\/sports\/2024\/10\/bill-belichick-blasts-jets-owner-woody-johnsons-decision.html\">Source link <\/a><\/p>","protected":false},"excerpt":{"rendered":"<p>\u00c9 bem sabido que Bill Belichick n\u00e3o gosta dos Jets, e durante sua eventual derrota por 23-20 para o Buffalo Bills, ele teve a chance de atacar o dono do&hellip;<\/p>","protected":false},"author":1,"featured_media":48327,"comment_status":"closed","ping_status":"open","sticky":false,"template":"","format":"standard","meta":{"content-type":"","footnotes":""},"categories":[1],"tags":[],"class_list":["post-48326","post","type-post","status-publish","format-standard","has-post-thumbnail","hentry","category-uncategorized"],"_links":{"self":[{"href":"https:\/\/tvbrazilusa.com\/pt\/wp-json\/wp\/v2\/posts\/48326","targetHints":{"allow":["GET"]}}],"collection":[{"href":"https:\/\/tvbrazilusa.com\/pt\/wp-json\/wp\/v2\/posts"}],"about":[{"href":"https:\/\/tvbrazilusa.com\/pt\/wp-json\/wp\/v2\/types\/post"}],"author":[{"embeddable":true,"href":"https:\/\/tvbrazilusa.com\/pt\/wp-json\/wp\/v2\/users\/1"}],"replies":[{"embeddable":true,"href":"https:\/\/tvbrazilusa.com\/pt\/wp-json\/wp\/v2\/comments?post=48326"}],"version-history":[{"count":1,"href":"https:\/\/tvbrazilusa.com\/pt\/wp-json\/wp\/v2\/posts\/48326\/revisions"}],"predecessor-version":[{"id":48328,"href":"https:\/\/tvbrazilusa.com\/pt\/wp-json\/wp\/v2\/posts\/48326\/revisions\/48328"}],"wp:featuredmedia":[{"embeddable":true,"href":"https:\/\/tvbrazilusa.com\/pt\/wp-json\/wp\/v2\/media\/48327"}],"wp:attachment":[{"href":"https:\/\/tvbrazilusa.com\/pt\/wp-json\/wp\/v2\/media?parent=48326"}],"wp:term":[{"taxonomy":"category","embeddable":true,"href":"https:\/\/tvbrazilusa.com\/pt\/wp-json\/wp\/v2\/categories?post=48326"},{"taxonomy":"post_tag","embeddable":true,"href":"https:\/\/tvbrazilusa.com\/pt\/wp-json\/wp\/v2\/tags?post=48326"}],"curies":[{"name":"wp","href":"https:\/\/api.w.org\/{rel}","templated":true}]}}