{"id":48329,"date":"2024-10-15T12:08:51","date_gmt":"2024-10-15T12:08:51","guid":{"rendered":"https:\/\/tvbrazilusa.com\/2024\/10\/15\/funcionario-admite-que-laboratorio-suspendeu-testes-de-hiv-para-cortar-custos\/"},"modified":"2024-10-15T12:08:52","modified_gmt":"2024-10-15T12:08:52","slug":"funcionario-admite-que-laboratorio-suspendeu-testes-de-hiv-para-cortar-custos","status":"publish","type":"post","link":"https:\/\/tvbrazilusa.com\/pt\/2024\/10\/15\/funcionario-admite-que-laboratorio-suspendeu-testes-de-hiv-para-cortar-custos\/","title":{"rendered":"Funcion\u00e1rio admite que laborat\u00f3rio suspendeu testes de HIV para cortar custos"},"content":{"rendered":"<p> <script async src=\"https:\/\/pagead2.googlesyndication.com\/pagead\/js\/adsbygoogle.js?client=ca-pub-8864793242727901\"\r\n     crossorigin=\"anonymous\"><\/script><br \/>\n<\/p>\n<div id=\"taboola-read-more\" style=\"display:block; width:100%\">\n<p>O t\u00e9cnico Ivanilson Fernandes dos Santos, respons\u00e1vel pelos testes de HIV no laborat\u00f3rio PCS Saleme, fez revela\u00e7\u00f5es alarmantes \u00e0 pol\u00edcia.\n<\/p>\n<p>Em depoimento, ele afirmou que, a partir de janeiro de 2024, a frequ\u00eancia dos testes de controle de qualidade foi reduzida de di\u00e1ria para semanal, ap\u00f3s ordem da coordenadora Adriana Vargas. A justificativa para a mudan\u00e7a seria a conten\u00e7\u00e3o de custos com os caros kits de reagentes, essenciais para garantir a precis\u00e3o dos exames.<\/p>\n<p>Ivanilson alertou que essa decis\u00e3o poderia comprometer os resultados, j\u00e1 que os reagentes ficavam degradados por permanecerem muito tempo nas m\u00e1quinas anal\u00edticas.\n<\/p>\n<p>Essa economia teria levado a erros graves, como a libera\u00e7\u00e3o de \u00f3rg\u00e3os contaminados com HIV para transplante, resultando na infec\u00e7\u00e3o de pacientes. Ivanilson disse que a partir dessa decis\u00e3o, pensou em pedir demiss\u00e3o, mas foi demitido antes, na \u00faltima sexta-feira, 11.\n<\/p>\n<p>A opera\u00e7\u00e3o policial contra o laborat\u00f3rio PCS Saleme j\u00e1 resultou na pris\u00e3o do m\u00e9dico Walter Vieira, s\u00f3cio da empresa e respons\u00e1vel t\u00e9cnico pelos laudos que atestaram, erroneamente, que os \u00f3rg\u00e3os estavam livres de HIV. Ele alega que o erro foi causado por falhas de outros funcion\u00e1rios, como Cleber de Oliveira Santos, coordenador de biologia, que est\u00e1 foragido.\n<\/p>\n<p>Outro caso dram\u00e1tico envolvendo o laborat\u00f3rio foi o de uma rec\u00e9m-nascida que recebeu um falso positivo de HIV em 2023, sendo submetida a um tratamento com coquet\u00e9is antirretrovirais de forma desnecess\u00e1ria. A m\u00e3e, Tatiane Andrade, foi impedida de amamentar e medicada para secar o leite, o que lhe causou um transtorno de estresse p\u00f3s-traum\u00e1tico.\n<\/p>\n<p>A Secretaria de Sa\u00fade do Estado do Rio de Janeiro j\u00e1 encerrou o contrato com o PCS Saleme e criou uma comiss\u00e3o para apoiar os pacientes afetados. As investiga\u00e7\u00f5es continuam, e o caso exp\u00f5e como decis\u00f5es motivadas por economia podem colocar vidas em risco.\n<\/p>\n<p>Fonte: O antagonista <\/p>\n<\/div>\n<p><br \/>\n<br \/><a href=\"https:\/\/diariodobrasilnoticias.com.br\/noticia\/funcionario-admite-que-laboratorio-suspendeu-testes-de-hiv-para-cortar-custos-670e47f3dd5c8\">Source link <\/a><\/p>","protected":false},"excerpt":{"rendered":"<p>O t\u00e9cnico Ivanilson Fernandes dos Santos, respons\u00e1vel pelos testes de HIV no laborat\u00f3rio PCS Saleme, fez revela\u00e7\u00f5es alarmantes \u00e0 pol\u00edcia. Em depoimento, ele afirmou que, a partir de janeiro de&hellip;<\/p>","protected":false},"author":1,"featured_media":48330,"comment_status":"closed","ping_status":"open","sticky":false,"template":"","format":"standard","meta":{"content-type":"","footnotes":""},"categories":[16],"tags":[123,2448,5313,1267],"class_list":["post-48329","post","type-post","status-publish","format-standard","has-post-thumbnail","hentry","category-noticias","tag-brasil","tag-diario","tag-noticia","tag-noticias"],"_links":{"self":[{"href":"https:\/\/tvbrazilusa.com\/pt\/wp-json\/wp\/v2\/posts\/48329","targetHints":{"allow":["GET"]}}],"collection":[{"href":"https:\/\/tvbrazilusa.com\/pt\/wp-json\/wp\/v2\/posts"}],"about":[{"href":"https:\/\/tvbrazilusa.com\/pt\/wp-json\/wp\/v2\/types\/post"}],"author":[{"embeddable":true,"href":"https:\/\/tvbrazilusa.com\/pt\/wp-json\/wp\/v2\/users\/1"}],"replies":[{"embeddable":true,"href":"https:\/\/tvbrazilusa.com\/pt\/wp-json\/wp\/v2\/comments?post=48329"}],"version-history":[{"count":1,"href":"https:\/\/tvbrazilusa.com\/pt\/wp-json\/wp\/v2\/posts\/48329\/revisions"}],"predecessor-version":[{"id":48331,"href":"https:\/\/tvbrazilusa.com\/pt\/wp-json\/wp\/v2\/posts\/48329\/revisions\/48331"}],"wp:featuredmedia":[{"embeddable":true,"href":"https:\/\/tvbrazilusa.com\/pt\/wp-json\/wp\/v2\/media\/48330"}],"wp:attachment":[{"href":"https:\/\/tvbrazilusa.com\/pt\/wp-json\/wp\/v2\/media?parent=48329"}],"wp:term":[{"taxonomy":"category","embeddable":true,"href":"https:\/\/tvbrazilusa.com\/pt\/wp-json\/wp\/v2\/categories?post=48329"},{"taxonomy":"post_tag","embeddable":true,"href":"https:\/\/tvbrazilusa.com\/pt\/wp-json\/wp\/v2\/tags?post=48329"}],"curies":[{"name":"wp","href":"https:\/\/api.w.org\/{rel}","templated":true}]}}