{"id":48332,"date":"2024-10-15T12:31:37","date_gmt":"2024-10-15T12:31:37","guid":{"rendered":"https:\/\/tvbrazilusa.com\/2024\/10\/15\/lista-de-passageiros-do-voo-de-lula-que-parou-por-10-minutos-e-colocada-sob-sigilo-pelo-governo\/"},"modified":"2024-10-15T12:31:38","modified_gmt":"2024-10-15T12:31:38","slug":"lista-de-passageiros-do-voo-de-lula-que-parou-por-10-minutos-e-colocada-sob-sigilo-pelo-governo","status":"publish","type":"post","link":"https:\/\/tvbrazilusa.com\/pt\/2024\/10\/15\/lista-de-passageiros-do-voo-de-lula-que-parou-por-10-minutos-e-colocada-sob-sigilo-pelo-governo\/","title":{"rendered":"Lista de passageiros do voo de Lula que parou por 10 minutos \u00e9 colocada sob sigilo pelo governo"},"content":{"rendered":"<p> <script async src=\"https:\/\/pagead2.googlesyndication.com\/pagead\/js\/adsbygoogle.js?client=ca-pub-8864793242727901\"\r\n     crossorigin=\"anonymous\"><\/script><br \/>\n<\/p>\n<div id=\"taboola-read-more\" style=\"display:block; width:100%\">\n<p>O governo Lula ( PT ) imp\u00f4s sigilo \u00e0 lista de passageiros que acompanharam o presidente em agosto em um voo de Santiago ( Chile ) para Bras\u00edlia, com uma parada de apenas dez minutos na cidade de S\u00e3o Paulo.\n<\/p>\n<p>O Pal\u00e1cio do Planalto n\u00e3o explica o motivo da descida na capital paulista. O avi\u00e3o presidencial costuma parar para reabastecimento em viagens de longa dura\u00e7\u00e3o, o que n\u00e3o se aplica a esse voo. Al\u00e9m disso, paradas operacionais costumam levar at\u00e9 uma hora, e n\u00e3o apenas alguns minutos.<\/p>\n<p>Reservadamente, interlocutores do governo levantaram suspeitas de que a escalada foi realizada apenas para uma carona. A primeira-dama, Rosangela Silva, a Janja, estava em S\u00e3o Paulo no per\u00edodo.\n<\/p>\n<p>Ela e o Planalto foram procurados, mas n\u00e3o responderam \u00e0 reportagem.\n<\/p>\n<p>Com a imposi\u00e7\u00e3o do sigilo \u00e0 lista, n\u00e3o \u00e9 poss\u00edvel afirmar que a mudan\u00e7a de trajet\u00f3ria no voo presidencial tenha sido motivada por alguma carona.\n<\/p>\n<p>Lula foi ao Chile para encontro bilateral com o presidente Gabriel Boric .\n<\/p>\n<p>Ap\u00f3s pedido da Folha por meio da Lei de Acesso \u00e0 Informa\u00e7\u00e3o, o GSI (Gabinete de Seguran\u00e7a Institucional) afirmou que a solicita\u00e7\u00e3o se enquadra no primeiro n\u00edvel de sigilo da legisla\u00e7\u00e3o, grau reservado, que prev\u00ea a disponibiliza\u00e7\u00e3o da resposta ao final do mandato.\n<\/p>\n<p>O \u00f3rg\u00e3o, respons\u00e1vel pela log\u00edstica das viagens presidenciais, fundamenta a justificativa com base no artigo 25 do decreto 7.724\/12.\n<\/p>\n<p>O GSI cita trecho do artigo que fala em &#8220;dados e conhecimentos que podem colocar em risco a seguran\u00e7a de institui\u00e7\u00f5es ou de altas autoridades nacionais ou estrangeiras e seus familiares&#8221;.\n<\/p>\n<p>O minist\u00e9rio disse ainda que a listagem poderia ser disponibilizada pelo gabinete presidencial \u201cse for o caso\u201d. Procurado, o Planalto n\u00e3o prestou a informa\u00e7\u00e3o e disse que n\u00e3o comentou o pedido via LAI.\n<\/p>\n<p>O decreto em quest\u00e3o trata da classifica\u00e7\u00e3o, do grau e do prazo de sigilo sem acesso \u00e0 informa\u00e7\u00e3o.\n<\/p>\n<p>O texto diz que s\u00e3o pass\u00edveis de sigilo de dados cuja divulga\u00e7\u00e3o possa colocar em risco a defesa e a soberania; treinar a condu\u00e7\u00e3o das rela\u00e7\u00f5es internacionais do pa\u00eds; Colocar em risco a vida, a seguran\u00e7a ou a sa\u00fade da popula\u00e7\u00e3o, entre outros.\n<\/p>\n<p>Lula venceu com uma comitiva de 14 ministros e mais assessores para Santiago em agosto, onde participou de uma visita de Estado que durou cerca de um dia e meio. Al\u00e9m da reuni\u00e3o bilateral fechada com Boric, os dois l\u00edderes tamb\u00e9m discutiram 19 acordos e outros atos em diferentes \u00e1reas, como turismo, ci\u00eancia e tecnologia, defesa e direitos humanos.\n<\/p>\n<p>O petista chegou \u00e0 capital chilena no dia 4, um domingo, e a agenda come\u00e7ou na segunda-feira, com visita a Boric. Depois, teve agendas no Senado e na suprema corte do pa\u00eds.\n<\/p>\n<p>Deixou Santiago na ter\u00e7a-feira, \u00e0s 15h, acompanhado de auxiliares e ministros. Segundo a agenda oficial, no retorno ao Brasil, Lula passou por S\u00e3o Paulo, onde chegou \u00e0s 19h50 na base a\u00e9rea de Guarulhos. Dez minutos depois, partiu para Bras\u00edlia. Na, o Planalto j\u00e1 n\u00e3o havia explicado \u00e9poca o motivo nem quem acompanhava o presidente no voo.\n<\/p>\n<p>Uma decis\u00e3o do TCU (Tribunal de Contas da Uni\u00e3o) tomada em maio permitiu o sigilo dos voos realizados em avi\u00f5es da FAB (For\u00e7a A\u00e9rea Brasileira) por altas autoridades.\n<\/p>\n<p>O \u00f3rg\u00e3o de controle descobriu que podem ocultar os voos do vice-presidente da Rep\u00fablica, dos presidentes do Senado, da C\u00e2mara dos Deputados e do STF (Supremo Tribunal Federal), bem como os demais ministros da corte e o procurador-geral da Rep\u00fablica.\n<\/p>\n<p>O argumento do TCU \u00e9 que a divulga\u00e7\u00e3o das informa\u00e7\u00f5es poderia prejudicar a seguran\u00e7a das altas autoridades. Nesse caso, a LAI prev\u00ea uma exce\u00e7\u00e3o na transpar\u00eancia das informa\u00e7\u00f5es p\u00fablicas.\n<\/p>\n<p>O tribunal, entretanto, n\u00e3o especificou como a divulga\u00e7\u00e3o dos voos ap\u00f3s sua realiza\u00e7\u00e3o poderia afetar a seguran\u00e7a dessas autoridades.\n<\/p>\n<p>A Reportagem da Folha mostrou que, nos primeiros sete meses do atual mandato de Lula, em pelo menos 11 casos ministros do governo e o vice-presidente, Geraldo Alckmin (PSB), levaram suas esposas de carona em voos da FAB (For\u00e7a A\u00e9rea Brasileira).\n<\/p>\n<p>As listas de passageiros das aeronaves, obtidas pela reportagem por meio da LAI, mostram que o ministro da Fazenda, Fernando Haddad (PT), esteve acompanhado em ao menos nove voos por sua esposa, a secret\u00e1ria de Informa\u00e7\u00e3o e Sa\u00fade Digital do Minist\u00e9rio da Sa\u00fade , Ana Estela Haddad.\n<\/p>\n<p>Fonte: Folha de S. Paulo <\/p>\n<\/div>\n<p><br \/>\n<br \/><a href=\"https:\/\/diariodobrasilnoticias.com.br\/noticia\/lista-de-passageiros-do-voo-de-lula-que-parou-por-10-minutos-e-colocada-sob-sigilo-pelo-governo-670e45a81e95b\">Source link <\/a><\/p>","protected":false},"excerpt":{"rendered":"<p>O governo Lula ( PT ) imp\u00f4s sigilo \u00e0 lista de passageiros que acompanharam o presidente em agosto em um voo de Santiago ( Chile ) para Bras\u00edlia, com uma&hellip;<\/p>","protected":false},"author":1,"featured_media":48333,"comment_status":"closed","ping_status":"open","sticky":false,"template":"","format":"standard","meta":{"content-type":"","footnotes":""},"categories":[16],"tags":[123,2448,5313,1267],"class_list":["post-48332","post","type-post","status-publish","format-standard","has-post-thumbnail","hentry","category-noticias","tag-brasil","tag-diario","tag-noticia","tag-noticias"],"_links":{"self":[{"href":"https:\/\/tvbrazilusa.com\/pt\/wp-json\/wp\/v2\/posts\/48332","targetHints":{"allow":["GET"]}}],"collection":[{"href":"https:\/\/tvbrazilusa.com\/pt\/wp-json\/wp\/v2\/posts"}],"about":[{"href":"https:\/\/tvbrazilusa.com\/pt\/wp-json\/wp\/v2\/types\/post"}],"author":[{"embeddable":true,"href":"https:\/\/tvbrazilusa.com\/pt\/wp-json\/wp\/v2\/users\/1"}],"replies":[{"embeddable":true,"href":"https:\/\/tvbrazilusa.com\/pt\/wp-json\/wp\/v2\/comments?post=48332"}],"version-history":[{"count":1,"href":"https:\/\/tvbrazilusa.com\/pt\/wp-json\/wp\/v2\/posts\/48332\/revisions"}],"predecessor-version":[{"id":48334,"href":"https:\/\/tvbrazilusa.com\/pt\/wp-json\/wp\/v2\/posts\/48332\/revisions\/48334"}],"wp:featuredmedia":[{"embeddable":true,"href":"https:\/\/tvbrazilusa.com\/pt\/wp-json\/wp\/v2\/media\/48333"}],"wp:attachment":[{"href":"https:\/\/tvbrazilusa.com\/pt\/wp-json\/wp\/v2\/media?parent=48332"}],"wp:term":[{"taxonomy":"category","embeddable":true,"href":"https:\/\/tvbrazilusa.com\/pt\/wp-json\/wp\/v2\/categories?post=48332"},{"taxonomy":"post_tag","embeddable":true,"href":"https:\/\/tvbrazilusa.com\/pt\/wp-json\/wp\/v2\/tags?post=48332"}],"curies":[{"name":"wp","href":"https:\/\/api.w.org\/{rel}","templated":true}]}}