{"id":48341,"date":"2024-10-15T13:11:21","date_gmt":"2024-10-15T13:11:21","guid":{"rendered":"https:\/\/tvbrazilusa.com\/2024\/10\/15\/israel-e-um-cancer-embaixador-do-ira-no-brasil-e-esquerda-radical-comemoram-acoes-do-hamas\/"},"modified":"2024-10-15T13:11:22","modified_gmt":"2024-10-15T13:11:22","slug":"israel-e-um-cancer-embaixador-do-ira-no-brasil-e-esquerda-radical-comemoram-acoes-do-hamas","status":"publish","type":"post","link":"https:\/\/tvbrazilusa.com\/pt\/2024\/10\/15\/israel-e-um-cancer-embaixador-do-ira-no-brasil-e-esquerda-radical-comemoram-acoes-do-hamas\/","title":{"rendered":"&#8216;Israel \u00e9 um c\u00e2ncer&#8217;: embaixador do Ir\u00e3 no Brasil e esquerda radical comemoram a\u00e7\u00f5es do Hamas"},"content":{"rendered":"<p> <script async src=\"https:\/\/pagead2.googlesyndication.com\/pagead\/js\/adsbygoogle.js?client=ca-pub-8864793242727901\"\r\n     crossorigin=\"anonymous\"><\/script><br \/>\n<\/p>\n<div id=\"taboola-read-more\" style=\"display:block; width:100%\">\n<p>No dia 7 de outubro de 2024, enquanto eventos ao redor do mundo fora relembravam as v\u00edtimas dos ataques terroristas em Israel um ano antes, o embaixador do Ir\u00e3 no Brasil sentou-se diante do computador para participar de um evento virtual que comemorou a morte de 1.200 pessoas, a maioria delas civis, e o rapto de 251.\n<\/p>\n<p>Adbollah Nekounam Ghadirli, o mais alto diplomata iraniano em solo brasileiro, foi a atra\u00e7\u00e3o principal de um convescote, transmitido ao vivo, para celebrar um \u201cDil\u00favio de Al-Aqsa\u201d \u2014 nome dado pelo grupo terrorista Hamas ao mortic\u00ednio.<\/p>\n<p>O evento foi liderado por Marcos Ten\u00f3rio , um pernambucano que se converteu ao islamismo e agora usa o nome social de Sayid Ten\u00f3rio. Ele \u00e9 vice-presidente do Instituto Brasil-Palestina (Ibraspal), que tem um longo hist\u00f3rico de defesa de grupos terroristas.\n<\/p>\n<p>Al\u00e9m de Ten\u00f3rio e do embaixador, a celebra\u00e7\u00e3o tamb\u00e9m teve a participa\u00e7\u00e3o de uma professora da UnB (Universidade de Bras\u00edlia) e de um editor do site de extrema-esquerda Brasil 247 .\n<\/p>\n<p>O evento foi transmitido por conjunto de nove canais de extrema-esquerda. No canal do Ibraspal no YouTube, o v\u00eddeo teve apenas 32 visualiza\u00e7\u00f5es em seis dias. Mas o total desinteresse do p\u00fablico pelos apologistas do terrorismo n\u00e3o diminuiu a gravidade da situa\u00e7\u00e3o.\n<\/p>\n<p><strong>\u201cA\u00e7\u00f5es heroicas\u201d do Hamas<\/strong><br \/>J\u00e1 nos primeiros segundos de sua fala,Ten\u00f3rio destruiu qualquer esperan\u00e7a de que o evento apresentasse uma an\u00e1lise cr\u00edtica em 7 de outubro. Foi, simplesmente, uma celebra\u00e7\u00e3o de ataques terroristas que resultaram na morte de centenas de pessoas com sangue frio.\n<\/p>\n<p>\u201cA data de hoje, ela \u00e9 uma data muito especial, n\u00e3o somente para o povo palestino, mas para todo o Oriente M\u00e9dio e para todo o mundo livre. H\u00e1 exatamente um ano, teve in\u00edcio a heroica opera\u00e7\u00e3o Dil\u00favio de Al-Aqsa&#8221;, comemorou.\n<\/p>\n<p>Segundo ele, o ataque foi uma a\u00e7\u00e3o \u201cleg\u00edtima do ponto de vista do direito internacional\u201d.\n<\/p>\n<p>Ten\u00f3rio \u00e9 o homem que, depois de se reunir com figuras do primeiro escalonamento do governo e de garantir um emprego em um gabinete do PCdoB na C\u00e2mara dos Deputados, foi rejeitado at\u00e9 pela mesma esquerda radical brasileira. Ele acabou escanteado quando publicou coment\u00e1rios em que debochava das v\u00edtimas dos ataques de 7 de outubro.\n<\/p>\n<p>No evento de 7 de outubro de 2024, as \u00fanicas palavras de viol\u00eancia a sa\u00edrem da boca do Ten\u00f3rio foram as dirigidas a Israel por ter agido de forma \u201csorrateira\u201d e \u201ccovarde\u201d no ataque que matou o l\u00edder do Hezbollah, Hassan Nasrallah .\n<\/p>\n<p><strong>Embaixador: Israel \u00e9 um &#8220;c\u00e2ncer&#8221;<\/strong><br \/>O representante do governo iraniano no Brasil disse exatamente o que espera do representante de um regime teocr\u00e1tico que financia grupos terroristas do Oriente M\u00e9dio afora.\n<\/p>\n<p>Para o embaixador, Israel \u00e9 um \u201cc\u00e2ncer\u201d. Uma \u201cgl\u00e2ndula cancerosa\u201d. Os grupos terroristas s\u00e3o \u201ca resist\u00eancia\u201d. O funcion\u00e1rio encarregado de traduzir as falas do diplomata aparentava ter gagueira, o que tornava a transmiss\u00e3o ainda mais torturante.\n<\/p>\n<p>\u201cEssa resist\u00eancia do povo palestino que todos que buscam a liberdade contra o regime sionista tem que ser exibida para o mundo todo\u201d, disse Ghadirli.\n<\/p>\n<p>Ele tamb\u00e9m afirmou que o Ir\u00e3 disparou m\u00edsseis contra Israel \u201cno \u00e2mbito da defesa leg\u00edtima\u201d, apesar de o Ir\u00e3 n\u00e3o ter sido atacado por Israel.\n<\/p>\n<p>Na vers\u00e3o dos fatos apresentados por Ghadirli, o \u201cregime sionista\u201d est\u00e1 em uma situa\u00e7\u00e3o delicada e Nasrallah era um \u201cgrande l\u00edder da resist\u00eancia\u201d, que o tradutor gaguejante insiste em mencionar como \u201cresid\u00eancia\u201d.\n<\/p>\n<p>O regime representado pelo embaixador \u00e9 um aliado do atual governo do Brasil. Com apoio do Brasil, o Ir\u00e3 passou a fazer parte dos BRICs neste ano. Al\u00e9m disso, o vice-presidente Geraldo Alckmin deixou a Teer\u00e3 para participar do grupo do novo presidente iraniano, Masoud Pezeshkian, em julho. Ele se sentou na primeira fileira, ao duas cadeiras de dist\u00e2ncia do representante do Hezbollah e aos tr\u00eas do chefe do Hamas, Ismail Haniyeh. Haniyeh foi assassinado horas depois, em um ataque atribu\u00eddo a Israel.\n<\/p>\n<p>Professora da UnB: Israel n\u00e3o quer libertar os ref\u00e9ns<br \/>Depois do embaixador, Ten\u00f3rio passou a palavra a Berenice Bento, professora do Departamento de Sociologia da Universidade de Bras\u00edlia.\n<\/p>\n<p>Usando um idioma t\u00edpico da academia, ela afirmou haver um certo \u201cprocesso de palestiniza\u00e7\u00e3o do mundo\u201d.\n<\/p>\n<p>Segundo Berenice, Israel parece estar cego de cr\u00edticas. \u201c\u00c9 o \u00fanico estado que est\u00e1 acima da cr\u00edtica. \u00c9 quase com se fosse Deus, Al\u00e1 encarnado encarnado em forma de uma entidade pol\u00edtica chamada de Estado\u201d, afirmou.\n<\/p>\n<p>Ao mesmo tempo, e de forma contradit\u00f3ria, uma professora afirmou que o conflito atual trouxe uma \u201cderrota moral de Israel\u201d, que perdeu apoio nas Na\u00e7\u00f5es Unidas e tampouco \u00e9 bem visto pela \u201cconsci\u00eancia coletiva global\u201d.\n<\/p>\n<p>Berenice tamb\u00e9m garantiu que o governo israelense n\u00e3o atua para derrotar o Hamas ou resgatar os ref\u00e9ns, mas para fixa\u00e7\u00e3o na Faixa de Gaza. \u201cEles sabem onde est\u00e3o esses ref\u00e9ns e n\u00e3o querem recuperar esses ref\u00e9ns\u201d, disse ela, que precisou sair mais cedo do evento porque tinha uma sala de aula \u00e0 sua espera.\n<\/p>\n<p><strong>Loas ao Hamas e ao Hezbollah<\/strong><br \/>A \u00faltima conversa foi com Jos\u00e9 Reinaldo Carvalho, militante comunista e editor do site Brasil 247. Ele tamb\u00e9m ficou feliz com o anivers\u00e1rio dos atentados: \u201cEstamos hoje comemorando um ano da realiza\u00e7\u00e3o dos atos de 7 de outubro\u201d, celebrou.\n<\/p>\n<p>Segundo ele, os dados devem ser lembrados como um s\u00edmbolo da luta dos povos do Oriente M\u00e9dio contra as pot\u00eancias imperialistas \u00e1vidas pelo petr\u00f3leo.\n<\/p>\n<p>\u201cO que a popula\u00e7\u00e3o palestina e, no caso a for\u00e7a da resist\u00eancia, fez no 7 de outubro do ano passado foi reagir exatamente de maneira leg\u00edtima a esse genoc\u00eddio continuado e hist\u00f3rico\u201d, disse.\n<\/p>\n<p>Jos\u00e9 Reinaldo n\u00e3o queria deixar outros grupos terroristas de fora da lista de parab\u00e9ns, entretanto.\n<\/p>\n<p>\u201cN\u00e3o podemos deixar de mencionar prioritariamente o Hamas, a Jihad Isl\u00e2mica, como muitas for\u00e7as palestinas que tiveram a ousadia e a coragem de pegar em armas para enfrentar a ocupa\u00e7\u00e3o israelense. E obviamente n\u00e3o podemos deixar de saudar o papel da resist\u00eancia, designadamente o papel do Hezbollah\u201d, argumentou.\n<\/p>\n<p>Neste ano, de acordo com o Portal da Transpar\u00eancia, o Brasil 247 j\u00e1 recebeu R$ 148,6 mil reais em an\u00fancios do governo federal.\n<\/p>\n<p>Fonte: Gazeta do Povo <\/p>\n<\/div>\n<p><br \/>\n<br \/><a href=\"https:\/\/diariodobrasilnoticias.com.br\/noticia\/-israel-e-um-cancer-embaixador-do-ira-no-brasil-e-esquerda-radical-comemoram-acoes-do-hamas-670e489f5747c\">Source link <\/a><\/p>","protected":false},"excerpt":{"rendered":"<p>No dia 7 de outubro de 2024, enquanto eventos ao redor do mundo fora relembravam as v\u00edtimas dos ataques terroristas em Israel um ano antes, o embaixador do Ir\u00e3 no&hellip;<\/p>","protected":false},"author":1,"featured_media":48342,"comment_status":"closed","ping_status":"open","sticky":false,"template":"","format":"standard","meta":{"content-type":"","footnotes":""},"categories":[16],"tags":[123,2448,5313,1267],"class_list":["post-48341","post","type-post","status-publish","format-standard","has-post-thumbnail","hentry","category-noticias","tag-brasil","tag-diario","tag-noticia","tag-noticias"],"_links":{"self":[{"href":"https:\/\/tvbrazilusa.com\/pt\/wp-json\/wp\/v2\/posts\/48341","targetHints":{"allow":["GET"]}}],"collection":[{"href":"https:\/\/tvbrazilusa.com\/pt\/wp-json\/wp\/v2\/posts"}],"about":[{"href":"https:\/\/tvbrazilusa.com\/pt\/wp-json\/wp\/v2\/types\/post"}],"author":[{"embeddable":true,"href":"https:\/\/tvbrazilusa.com\/pt\/wp-json\/wp\/v2\/users\/1"}],"replies":[{"embeddable":true,"href":"https:\/\/tvbrazilusa.com\/pt\/wp-json\/wp\/v2\/comments?post=48341"}],"version-history":[{"count":1,"href":"https:\/\/tvbrazilusa.com\/pt\/wp-json\/wp\/v2\/posts\/48341\/revisions"}],"predecessor-version":[{"id":48343,"href":"https:\/\/tvbrazilusa.com\/pt\/wp-json\/wp\/v2\/posts\/48341\/revisions\/48343"}],"wp:featuredmedia":[{"embeddable":true,"href":"https:\/\/tvbrazilusa.com\/pt\/wp-json\/wp\/v2\/media\/48342"}],"wp:attachment":[{"href":"https:\/\/tvbrazilusa.com\/pt\/wp-json\/wp\/v2\/media?parent=48341"}],"wp:term":[{"taxonomy":"category","embeddable":true,"href":"https:\/\/tvbrazilusa.com\/pt\/wp-json\/wp\/v2\/categories?post=48341"},{"taxonomy":"post_tag","embeddable":true,"href":"https:\/\/tvbrazilusa.com\/pt\/wp-json\/wp\/v2\/tags?post=48341"}],"curies":[{"name":"wp","href":"https:\/\/api.w.org\/{rel}","templated":true}]}}