{"id":48347,"date":"2024-10-15T13:46:57","date_gmt":"2024-10-15T13:46:57","guid":{"rendered":"https:\/\/tvbrazilusa.com\/2024\/10\/15\/petista-acusado-de-estuprar-colega-em-festa-de-bancada-vira-reu\/"},"modified":"2024-10-15T13:46:58","modified_gmt":"2024-10-15T13:46:58","slug":"petista-acusado-de-estuprar-colega-em-festa-de-bancada-vira-reu","status":"publish","type":"post","link":"https:\/\/tvbrazilusa.com\/pt\/2024\/10\/15\/petista-acusado-de-estuprar-colega-em-festa-de-bancada-vira-reu\/","title":{"rendered":"Petista acusado de estuprar colega em festa de bancada vira r\u00e9u"},"content":{"rendered":"<p> <script async src=\"https:\/\/pagead2.googlesyndication.com\/pagead\/js\/adsbygoogle.js?client=ca-pub-8864793242727901\"\r\n     crossorigin=\"anonymous\"><\/script><br \/>\n<\/p>\n<div id=\"taboola-read-more\" style=\"display:block; width:100%\">\n<p>Gilson Alberto dos Santos Gruginskie, suspeito de ter abusado sexualmente de sua colega durante confraterniza\u00e7\u00e3o da bancada do PT da Assembleia Legislativa, em s\u00edtio localizado na zona sul de Porto Alegre, virou r\u00e9u por estupro. Gruginskie foi denunciado pelo Minist\u00e9rio P\u00fablico e a Justi\u00e7a aceitou a acusa\u00e7\u00e3o.\n<\/p>\n<p>Ariane Chagas Leit\u00e3o, advogada e especialista em Direitos Humanos, diz ter sido violentada por Gruginskie durante confraterniza\u00e7\u00e3o do partido em dezembro de 2022. Em setembro de 2023, Ariane relatou o ocorrido \u00e0 dire\u00e7\u00e3o do PT e, em novembro, ao Minist\u00e9rio P\u00fablico Estadual, que pediu abertura de inqu\u00e9rito \u00e0 1\u00aa Delegacia Especializada de Atendimento \u00e0 Mulher (DEAM I).<\/p>\n<p>Gruginskie foi indiciado pelo DEAM I por estupro. No inqu\u00e9rito, foram destacados o depoimento de Ariane e o relato de outras mulheres que alegam terem sido assediadas ou abusadas por Gruginskie.\n<\/p>\n<p>Para o MP, Gilson por meio de viol\u00eancia praticou atos sexuais com Ariane em confraterniza\u00e7\u00e3o de final de ano da bancada do PT na Assembleia Legislativa. O r\u00e9u teria for\u00e7ado pegar carona com a v\u00edtima e durante o trajeto fez caricias em seu corpo. A promotora, Let\u00edcia Viterbo Ilges o denunciou por estupro.\n<\/p>\n<p>Em 12 de setembro a den\u00fancia foi recebida pela Justi\u00e7a. Em seu despacho, o juiz da 13\u00aa Vara Criminal, Paulo Augusto Oliveira Irion disse,\u201cA materialidade do fato e os ind\u00edcios de autoria est\u00e3o consubstanciados no teor da not\u00edcia de fato enviada ao Minist\u00e9rio P\u00fablico pelo Diret\u00f3rio Estadual do Partido dos Trabalhadores, nas declara\u00e7\u00f5es da v\u00edtima em sede policial, bem como nos diversos documentos juntados ao IP, em especial no laudo de Avalia\u00e7\u00e3o Ps\u00edquica da v\u00edtima realizada pelo IGP\u201d.\n<\/p>\n<p>Depois de informado da decis\u00e3o, Gilson ter\u00e1 10 dias para se defender da acusa\u00e7\u00e3o. O petista foi exonerado da bancada do partido e atualmente est\u00e1 com a sua filia\u00e7\u00e3o suspensa.\n<\/p>\n<p>Com informa\u00e7\u00f5es de Di\u00e1rio do Poder\n<\/p>\n<\/div>\n<p><br \/>\n<br \/><a href=\"https:\/\/diariodobrasilnoticias.com.br\/noticia\/petista-acusado-de-estuprar-colega-em-festa-de-bancada-vira-reu-670e49ff6ebaa\">Source link <\/a><\/p>","protected":false},"excerpt":{"rendered":"<p>Gilson Alberto dos Santos Gruginskie, suspeito de ter abusado sexualmente de sua colega durante confraterniza\u00e7\u00e3o da bancada do PT da Assembleia Legislativa, em s\u00edtio localizado na zona sul de Porto&hellip;<\/p>","protected":false},"author":1,"featured_media":48348,"comment_status":"closed","ping_status":"open","sticky":false,"template":"","format":"standard","meta":{"content-type":"","footnotes":""},"categories":[16],"tags":[123,2448,5313,1267],"class_list":["post-48347","post","type-post","status-publish","format-standard","has-post-thumbnail","hentry","category-noticias","tag-brasil","tag-diario","tag-noticia","tag-noticias"],"_links":{"self":[{"href":"https:\/\/tvbrazilusa.com\/pt\/wp-json\/wp\/v2\/posts\/48347","targetHints":{"allow":["GET"]}}],"collection":[{"href":"https:\/\/tvbrazilusa.com\/pt\/wp-json\/wp\/v2\/posts"}],"about":[{"href":"https:\/\/tvbrazilusa.com\/pt\/wp-json\/wp\/v2\/types\/post"}],"author":[{"embeddable":true,"href":"https:\/\/tvbrazilusa.com\/pt\/wp-json\/wp\/v2\/users\/1"}],"replies":[{"embeddable":true,"href":"https:\/\/tvbrazilusa.com\/pt\/wp-json\/wp\/v2\/comments?post=48347"}],"version-history":[{"count":1,"href":"https:\/\/tvbrazilusa.com\/pt\/wp-json\/wp\/v2\/posts\/48347\/revisions"}],"predecessor-version":[{"id":48349,"href":"https:\/\/tvbrazilusa.com\/pt\/wp-json\/wp\/v2\/posts\/48347\/revisions\/48349"}],"wp:featuredmedia":[{"embeddable":true,"href":"https:\/\/tvbrazilusa.com\/pt\/wp-json\/wp\/v2\/media\/48348"}],"wp:attachment":[{"href":"https:\/\/tvbrazilusa.com\/pt\/wp-json\/wp\/v2\/media?parent=48347"}],"wp:term":[{"taxonomy":"category","embeddable":true,"href":"https:\/\/tvbrazilusa.com\/pt\/wp-json\/wp\/v2\/categories?post=48347"},{"taxonomy":"post_tag","embeddable":true,"href":"https:\/\/tvbrazilusa.com\/pt\/wp-json\/wp\/v2\/tags?post=48347"}],"curies":[{"name":"wp","href":"https:\/\/api.w.org\/{rel}","templated":true}]}}