{"id":48379,"date":"2024-10-15T16:03:18","date_gmt":"2024-10-15T16:03:18","guid":{"rendered":"https:\/\/tvbrazilusa.com\/2024\/10\/15\/um-grupo-de-cientistas-dos-paises-baixos-sugere-que-as-vacinas-contra-a-covid-podem-estar-relacionadas-com-o-excesso-de-mortalidade-paulo-figueiredo\/"},"modified":"2024-10-15T16:14:25","modified_gmt":"2024-10-15T16:14:25","slug":"um-grupo-de-cientistas-dos-paises-baixos-sugere-que-as-vacinas-contra-a-covid-podem-estar-relacionadas-com-o-excesso-de-mortalidade-paulo-figueiredo","status":"publish","type":"post","link":"https:\/\/tvbrazilusa.com\/pt\/2024\/10\/15\/um-grupo-de-cientistas-dos-paises-baixos-sugere-que-as-vacinas-contra-a-covid-podem-estar-relacionadas-com-o-excesso-de-mortalidade-paulo-figueiredo\/","title":{"rendered":"Um grupo de cientistas dos Pa\u00edses Baixos sugere que as vacinas contra a covid podem estar relacionadas com o excesso de mortalidade &#8211; Paulo Figueiredo"},"content":{"rendered":"<p> <script async src=\"https:\/\/pagead2.googlesyndication.com\/pagead\/js\/adsbygoogle.js?client=ca-pub-8864793242727901\"\r\n     crossorigin=\"anonymous\"><\/script><br \/>\n<\/p>\n<div id=\"wtr-content\" data-bg=\"#FFFFFF\" data-fg=\"#006d91\" data-width=\"25\" data-mute=\"1\" data-fgopacity=\"1.00\" data-mutedopacity=\"0.5\" data-placement=\"bottom\" data-placement-offset=\"0\" data-content-offset=\"262\" data-placement-touch=\"bottom\" data-placement-offset-touch=\"0\" data-transparent=\"\" data-shadow=\"0\" data-touch=\"1\" data-non-touch=\"1\" data-comments=\"0\" data-commentsbg=\"transparent\" data-location=\"page\" data-mutedfg=\"#006d91\" data-endfg=\"#006d91\" data-rtl=\"\">\n<p class=\"has-small-font-size\">Foto \u2013 Divulga\u00e7\u00e3o\/OMS<\/p>\n<h3 class=\"wp-block-heading\">Mais de tr\u00eas milh\u00f5es de mortes al\u00e9m do esperado foram registradas<\/h3>\n<p>Um grupo de cientistas levantou a possibilidade de que as vacinas contra a covid possam estar relacionadas ao <strong>aumento inesperado<\/strong> de mortes registrado desde o in\u00edcio da pandemia. Especificamente, uma equipe de pesquisadores dos Pa\u00edses Baixos analisou dados de <strong>47 pa\u00edses ocidentais<\/strong> e revelou que, desde 2020, mais de <strong>tr\u00eas milh\u00f5es de mortes al\u00e9m do esperado ocorreram.<\/strong><\/p>\n<p>O estudo, publicado na <em><strong>BMJ Public Health<\/strong><\/em> (revista internacional de sa\u00fade p\u00fablica) por autores da Vrije Universiteit de Amsterd\u00e3, destacou que esses n\u00fameros \u201csem precedentes\u201d levantam \u201cpreocupa\u00e7\u00f5es graves\u201d. Os pesquisadores pediram que os governos realizem investiga\u00e7\u00f5es detalhadas sobre as causas subjacentes, considerando a possibilidade de que as vacinas tamb\u00e9m possam ter contribu\u00eddo para esses resultados. No artigo, menciona-se: \u201cApesar de as vacinas terem sido introduzidas para proteger a popula\u00e7\u00e3o da doen\u00e7a e da morte causada pelo v\u00edrus, tamb\u00e9m foram relatados efeitos adversos.\u201d<\/p>\n<p>Os autores apontaram que tanto profissionais de sa\u00fade quanto cidad\u00e3os relataram les\u00f5es graves e mortes relacionadas \u00e0 vacina\u00e7\u00e3o em diferentes bases de dados oficiais no mundo ocidental. \u201cDurante a pandemia, pol\u00edticos e a m\u00eddia destacaram constantemente a import\u00e2ncia de salvar vidas com medidas de conten\u00e7\u00e3o e vacinas. Ap\u00f3s a pandemia, esse princ\u00edpio deve ser mantido\u201d, acrescentaram os pesquisadores.<\/p>\n<p>A an\u00e1lise mostra que, em regi\u00f5es como Europa, Estados Unidos e Austr\u00e1lia, no ano de 2020, quando a pandemia estava no auge, houve um excesso de um milh\u00e3o de mortes. No entanto, nos anos seguintes, apesar da introdu\u00e7\u00e3o das vacinas, o<strong> excesso de mortes aumentou,<\/strong> com 1,2 milh\u00e3o em 2021 e 800 mil em 2022. Este n\u00famero inclui n\u00e3o apenas mortes provocadas pelo v\u00edrus, mas tamb\u00e9m efeitos indiretos decorrentes das estrat\u00e9gias de sa\u00fade adotadas para \u201ccontrolar sua dissemina\u00e7\u00e3o\u201d.<\/p>\n<p><strong>Os pesquisadores alertaram sobre poss\u00edveis efeitos adversos associados \u00e0s vacinas<\/strong>, como acidente vascular cerebral isqu\u00eamico, s\u00edndrome coronariana aguda, hemorragias cerebrais e uma variedade de dist\u00farbios cardiovasculares, problemas de coagula\u00e7\u00e3o e eventos gastrointestinais.<\/p>\n<p><strong><a href=\"https:\/\/gaceta.es\/mundo\/un-grupo-de-cientificos-de-paises-bajos-sugiere-que-las-vacunas-del-covid-pueden-estar-detras-del-exceso-de-mortalidad-20241015-1640\/\">Source link<\/a><\/strong><\/p>\n<\/div>\n<p><br \/>\n<br \/><a href=\"https:\/\/paulofigueiredoshow.com\/um-grupo-de-cientistas-dos-paises-baixos-sugere-que-as-vacinas-contra-a-covid-podem-estar-relacionadas-com-o-excesso-de-mortalidade\/\">Source link <\/a><\/p>","protected":false},"excerpt":{"rendered":"<p>Foto \u2013 Divulga\u00e7\u00e3o\/OMS Mais de tr\u00eas milh\u00f5es de mortes al\u00e9m do esperado foram registradas Um grupo de cientistas levantou a possibilidade de que as vacinas contra a covid possam estar&hellip;<\/p>","protected":false},"author":1,"featured_media":48380,"comment_status":"closed","ping_status":"open","sticky":false,"template":"","format":"standard","meta":{"content-type":"","footnotes":""},"categories":[16],"tags":[27690,27691,27692,2027,27693,27694],"class_list":["post-48379","post","type-post","status-publish","format-standard","has-post-thumbnail","hentry","category-noticias","tag-adversos","tag-bmj-public-health","tag-efeitos","tag-morte","tag-pos-vacina","tag-vacina"],"_links":{"self":[{"href":"https:\/\/tvbrazilusa.com\/pt\/wp-json\/wp\/v2\/posts\/48379","targetHints":{"allow":["GET"]}}],"collection":[{"href":"https:\/\/tvbrazilusa.com\/pt\/wp-json\/wp\/v2\/posts"}],"about":[{"href":"https:\/\/tvbrazilusa.com\/pt\/wp-json\/wp\/v2\/types\/post"}],"author":[{"embeddable":true,"href":"https:\/\/tvbrazilusa.com\/pt\/wp-json\/wp\/v2\/users\/1"}],"replies":[{"embeddable":true,"href":"https:\/\/tvbrazilusa.com\/pt\/wp-json\/wp\/v2\/comments?post=48379"}],"version-history":[{"count":1,"href":"https:\/\/tvbrazilusa.com\/pt\/wp-json\/wp\/v2\/posts\/48379\/revisions"}],"predecessor-version":[{"id":48381,"href":"https:\/\/tvbrazilusa.com\/pt\/wp-json\/wp\/v2\/posts\/48379\/revisions\/48381"}],"wp:featuredmedia":[{"embeddable":true,"href":"https:\/\/tvbrazilusa.com\/pt\/wp-json\/wp\/v2\/media\/48380"}],"wp:attachment":[{"href":"https:\/\/tvbrazilusa.com\/pt\/wp-json\/wp\/v2\/media?parent=48379"}],"wp:term":[{"taxonomy":"category","embeddable":true,"href":"https:\/\/tvbrazilusa.com\/pt\/wp-json\/wp\/v2\/categories?post=48379"},{"taxonomy":"post_tag","embeddable":true,"href":"https:\/\/tvbrazilusa.com\/pt\/wp-json\/wp\/v2\/tags?post=48379"}],"curies":[{"name":"wp","href":"https:\/\/api.w.org\/{rel}","templated":true}]}}