{"id":48396,"date":"2024-10-15T16:54:32","date_gmt":"2024-10-15T16:54:32","guid":{"rendered":"https:\/\/tvbrazilusa.com\/2024\/10\/15\/justica-manda-transferir-fuminho-braco-direito-de-marcola-para-o-regime-semiaberto-paulo-figueiredo\/"},"modified":"2024-10-15T17:23:22","modified_gmt":"2024-10-15T17:23:22","slug":"justica-manda-transferir-fuminho-braco-direito-de-marcola-para-o-regime-semiaberto-paulo-figueiredo","status":"publish","type":"post","link":"https:\/\/tvbrazilusa.com\/pt\/2024\/10\/15\/justica-manda-transferir-fuminho-braco-direito-de-marcola-para-o-regime-semiaberto-paulo-figueiredo\/","title":{"rendered":"Justi\u00e7a manda transferir Fuminho, bra\u00e7o direito de Marcola, para o regime semiaberto &#8211; Paulo Figueiredo"},"content":{"rendered":"<p> <script async src=\"https:\/\/pagead2.googlesyndication.com\/pagead\/js\/adsbygoogle.js?client=ca-pub-8864793242727901\"\r\n     crossorigin=\"anonymous\"><\/script><br \/>\n<\/p>\n<div id=\"wtr-content\" data-bg=\"#FFFFFF\" data-fg=\"#006d91\" data-width=\"25\" data-mute=\"1\" data-fgopacity=\"1.00\" data-mutedopacity=\"0.5\" data-placement=\"bottom\" data-placement-offset=\"0\" data-content-offset=\"262\" data-placement-touch=\"bottom\" data-placement-offset-touch=\"0\" data-transparent=\"\" data-shadow=\"0\" data-touch=\"1\" data-non-touch=\"1\" data-comments=\"0\" data-commentsbg=\"transparent\" data-location=\"page\" data-mutedfg=\"#006d91\" data-endfg=\"#006d91\" data-rtl=\"\">\n<h3 class=\"wp-block-heading\">O criminoso esteve foragido por 21 anos<\/h3>\n<p>O juiz corregedor substituto da Penitenci\u00e1ria Federal em Bras\u00edlia, Frederico Botelho de Barros Viana, determinou a transfer\u00eancia de Gilberto Aparecido dos Santos, o \u201cFuminho\u201d, para o regime semiaberto. Neste tipo de pena, o preso trabalha ou estuda fora da pris\u00e3o durante o dia e retorna \u00e0 unidade prisional \u00e0 noite.<\/p>\n<p>Fuminho \u00e9 apontado pelo Minist\u00e9rio P\u00fablico do Estado de S\u00e3o Paulo (MPSP) como o bra\u00e7o direito de Marco Willians Herbas Camacho, 56, o Marcola, o l\u00edder m\u00e1ximo do Primeiro Comando da Capital (PCC), a maior fac\u00e7\u00e3o do Brasil. Ambos est\u00e3o presos na mesma penitenci\u00e1ria em Bras\u00edlia.<\/p>\n<p>Segundo a Justi\u00e7a, a ida ao semiaberto se deve ao marco temporal, que \u00e9 o tempo m\u00ednimo de pris\u00e3o cumprido pela condena\u00e7\u00e3o, e pelo \u201cbom comportamento\u201d de Fuminho. Ele est\u00e1 detido em um pres\u00eddio federal de seguran\u00e7a m\u00e1xima desde 2020, quando foi preso em uma opera\u00e7\u00e3o da Pol\u00edcia Federal em Maputo,\u00a0<strong>Mo\u00e7ambique<\/strong>, depois de ficar 21 anos foragido.<\/p>\n<h3 class=\"wp-block-heading\">Leia mais:<\/h3>\n<p>Fuminho tamb\u00e9m \u00e9 acusado pela Justi\u00e7a do Cear\u00e1 de ter ordenado os assassinatos de Rog\u00e9rio Jeremias de Simone, o Geg\u00ea do Mangue, e Fabiano Alves de Souza, o Paca, mortos a tiros em fevereiro de 2018, na regi\u00e3o metropolitana de Fortaleza. Segundo as investiga\u00e7\u00f5es, eles foram mortos por suspeitas de terem desviado dinheiro da fac\u00e7\u00e3o criminosa.<\/p>\n<h3 class=\"wp-block-heading\">MPF pede reconsidera\u00e7\u00e3o de decis\u00e3o<\/h3>\n<p>Segundo a CNN, a Justi\u00e7a Estadual de S\u00e3o Paulo e o Minist\u00e9rio P\u00fablico Federal apresentaram recurso e pediram que o juiz corregedor reveja sua decis\u00e3o, mantendo o membro do PCC na Penitenci\u00e1ria Federal de Bras\u00edlia. O juiz ainda n\u00e3o analisou os pedidos.<\/p>\n<h3 class=\"wp-block-heading\">Quem \u00e9 Fuminho<\/h3>\n<p>Gilberto Aparecido dos Santos, o Fuminho, est\u00e1 preso na Penitenci\u00e1ria Federal de Bras\u00edlia, e desde 2020 no sistema federal. Ele fugiu da cadeia de\u00a0<strong>Carandiru<\/strong>\u00a0em 1999 e s\u00f3 foi recapturado 21 anos depois, quando foi preso pela Pol\u00edcia Federal em Mo\u00e7ambique, em 2020.<\/p>\n<p>Segundo investiga\u00e7\u00f5es do Grupo Especial de Combate ao Crime Organizado (Gaeco), do MPSP, Fuminho recebeu R$ 200 milh\u00f5es da fac\u00e7\u00e3o para resgatar Marcola e outros 21 l\u00edderes do PCC dos pres\u00eddios federais das cidades paulistas de Presidente Venceslau e Presidente Bernardes, em 2014 e em 2018. Ele figurou na lista dos criminosos mais procurados do Brasil, elaborada pelo Minist\u00e9rio da Justi\u00e7a e Seguran\u00e7a P\u00fablica.<\/p>\n<p>Pouco tempo depois, a pedido do promotor Lincoln Gakiya, Marcola e os 21 l\u00edderes foram transferidos para pres\u00eddios federais em Bras\u00edlia e Porto Velho. Em 2022, Fuminho ainda foi condenado a 26 anos e 11 meses no Tribunal de Justi\u00e7a de S\u00e3o Paulo por ser o respons\u00e1vel por um carregamento de 450 quilos de coca\u00edna.<\/p>\n<p>Fuminho era considerado o maior fornecedor de coca\u00edna a uma fac\u00e7\u00e3o com atua\u00e7\u00e3o em todo o Brasil, al\u00e9m de ser respons\u00e1vel pelo envio de toneladas da droga para diversos pa\u00edses do mundo. Ele foi autuado por crimes de tr\u00e1fico de drogas, contra o patrim\u00f4nio e de financiamento para fuga de l\u00edderes de organiza\u00e7\u00f5es criminosas.<\/p>\n<p><strong><a href=\"https:\/\/revistaoeste.com\/brasil\/justica-manda-transferir-fuminho-braco-direito-de-marcola-para-o-regime-semiaberto\/\">Source link<\/a><\/strong><\/p>\n<\/div>\n<p><br \/>\n<br \/><a href=\"https:\/\/paulofigueiredoshow.com\/justica-manda-transferir-fuminho-braco-direito-de-marcola-para-o-regime-semiaberto\/\">Source link <\/a><\/p>","protected":false},"excerpt":{"rendered":"<p>O criminoso esteve foragido por 21 anos O juiz corregedor substituto da Penitenci\u00e1ria Federal em Bras\u00edlia, Frederico Botelho de Barros Viana, determinou a transfer\u00eancia de Gilberto Aparecido dos Santos, o&hellip;<\/p>","protected":false},"author":1,"featured_media":48397,"comment_status":"closed","ping_status":"open","sticky":false,"template":"","format":"standard","meta":{"content-type":"","footnotes":""},"categories":[16],"tags":[12349,27697,27698,27699,27700,1660,27701,5014,4747],"class_list":["post-48396","post","type-post","status-publish","format-standard","has-post-thumbnail","hentry","category-noticias","tag-foragido","tag-frederico-botelho-de-barros-viana","tag-fuminho","tag-gilberto-aparecido-dos-santos","tag-jusitica","tag-mpf","tag-mpsp","tag-pcc","tag-regime"],"_links":{"self":[{"href":"https:\/\/tvbrazilusa.com\/pt\/wp-json\/wp\/v2\/posts\/48396","targetHints":{"allow":["GET"]}}],"collection":[{"href":"https:\/\/tvbrazilusa.com\/pt\/wp-json\/wp\/v2\/posts"}],"about":[{"href":"https:\/\/tvbrazilusa.com\/pt\/wp-json\/wp\/v2\/types\/post"}],"author":[{"embeddable":true,"href":"https:\/\/tvbrazilusa.com\/pt\/wp-json\/wp\/v2\/users\/1"}],"replies":[{"embeddable":true,"href":"https:\/\/tvbrazilusa.com\/pt\/wp-json\/wp\/v2\/comments?post=48396"}],"version-history":[{"count":1,"href":"https:\/\/tvbrazilusa.com\/pt\/wp-json\/wp\/v2\/posts\/48396\/revisions"}],"predecessor-version":[{"id":48398,"href":"https:\/\/tvbrazilusa.com\/pt\/wp-json\/wp\/v2\/posts\/48396\/revisions\/48398"}],"wp:featuredmedia":[{"embeddable":true,"href":"https:\/\/tvbrazilusa.com\/pt\/wp-json\/wp\/v2\/media\/48397"}],"wp:attachment":[{"href":"https:\/\/tvbrazilusa.com\/pt\/wp-json\/wp\/v2\/media?parent=48396"}],"wp:term":[{"taxonomy":"category","embeddable":true,"href":"https:\/\/tvbrazilusa.com\/pt\/wp-json\/wp\/v2\/categories?post=48396"},{"taxonomy":"post_tag","embeddable":true,"href":"https:\/\/tvbrazilusa.com\/pt\/wp-json\/wp\/v2\/tags?post=48396"}],"curies":[{"name":"wp","href":"https:\/\/api.w.org\/{rel}","templated":true}]}}