{"id":48433,"date":"2024-10-15T18:40:44","date_gmt":"2024-10-15T18:40:44","guid":{"rendered":"https:\/\/tvbrazilusa.com\/2024\/10\/15\/onu-diz-que-nicolas-maduro-cometeu-crimes-contra-a-humanidade-paulo-figueiredo\/"},"modified":"2024-10-15T18:45:14","modified_gmt":"2024-10-15T18:45:14","slug":"onu-diz-que-nicolas-maduro-cometeu-crimes-contra-a-humanidade-paulo-figueiredo","status":"publish","type":"post","link":"https:\/\/tvbrazilusa.com\/pt\/2024\/10\/15\/onu-diz-que-nicolas-maduro-cometeu-crimes-contra-a-humanidade-paulo-figueiredo\/","title":{"rendered":"ONU diz que Nicol\u00e1s Maduro cometeu crimes contra a humanidade &#8211; Paulo Figueiredo"},"content":{"rendered":"<p> <script async src=\"https:\/\/pagead2.googlesyndication.com\/pagead\/js\/adsbygoogle.js?client=ca-pub-8864793242727901\"\r\n     crossorigin=\"anonymous\"><\/script><br \/>\n<\/p>\n<div id=\"wtr-content\" data-bg=\"#FFFFFF\" data-fg=\"#006d91\" data-width=\"25\" data-mute=\"1\" data-fgopacity=\"1.00\" data-mutedopacity=\"0.5\" data-placement=\"bottom\" data-placement-offset=\"0\" data-content-offset=\"262\" data-placement-touch=\"bottom\" data-placement-offset-touch=\"0\" data-transparent=\"\" data-shadow=\"0\" data-touch=\"1\" data-non-touch=\"1\" data-comments=\"0\" data-commentsbg=\"transparent\" data-location=\"page\" data-mutedfg=\"#006d91\" data-endfg=\"#006d91\" data-rtl=\"\">\n<p class=\"has-small-font-size\">Foto \u2013 Federico Parra\/AFP<\/p>\n<h3 class=\"wp-block-heading\">Relat\u00f3rio destacou os abusos do regime chavista durante o per\u00edodo eleitoral<\/h3>\n<p>A Miss\u00e3o Internacional Independente de Apura\u00e7\u00e3o de Fatos sobre a Venezuela, ligada \u00e0 Organiza\u00e7\u00e3o das Na\u00e7\u00f5es Unidas (ONU), destacou em relat\u00f3rio os crimes de direitos humanos que o regime chavista cometeu no pa\u00eds durante o per\u00edodo eleitoral deste ano. O documento mostra que, sob o comando do ditador Nicol\u00e1s Maduro, houve um aumento significativo nos crimes cometidos contra a popula\u00e7\u00e3o.<\/p>\n<p>Entre as principais viola\u00e7\u00f5es que o relat\u00f3rio destaca est\u00e3o deten\u00e7\u00f5es arbitr\u00e1rias, casos de tortura, desaparecimentos e viol\u00eancia sexual. Esses atos foram, segundo a ONU, perpetrados tanto pelas for\u00e7as de seguran\u00e7a do governo quanto por grupos armados que apoiam o regime de Maduro.<\/p>\n<h2 class=\"wp-block-heading\" id=\"ad788eb1\"><a href=\"https:\/\/wainews-homolog.streamlit.app\/~\/+\/#ad788eb1\"\/>Apelo internacional por a\u00e7\u00f5es imediatas<\/h2>\n<p>O documento tamb\u00e9m faz um apelo \u00e0 comunidade internacional para que pressione por uma a\u00e7\u00e3o imediata, visando \u00e0 liberta\u00e7\u00e3o dos detidos de forma ilegal. Essa solicita\u00e7\u00e3o destaca a urg\u00eancia de uma resposta global para interromper as pr\u00e1ticas abusivas da ditadura venezuelana durante o processo eleitoral para a Presid\u00eancia da Rep\u00fablica.<\/p>\n<p>No contexto pol\u00edtico da Venezuela, o regime de Maduro continua a enfrentar contesta\u00e7\u00f5es quanto \u00e0 legitimidade das elei\u00e7\u00f5es ocorridas em julho. A situa\u00e7\u00e3o foi agravada pelo impedimento de Mar\u00eda Corina de concorrer a cargos p\u00fablicos, o que gerou uma forte rea\u00e7\u00e3o internacional.<\/p>\n<h3 class=\"wp-block-heading\" id=\"d7e05d31\">Comunidade internacional reconhece fraude na reelei\u00e7\u00e3o de Nicol\u00e1s Maduro<\/h3>\n<p>O\u00a0<a href=\"https:\/\/www.europarl.europa.eu\/portal\/pt\"><strong>Parlamento Europeu<\/strong><\/a>, \u00f3rg\u00e3o legislativo da Uni\u00e3o Europeia, aprovou em setembro uma resolu\u00e7\u00e3o que reconhece Edmundo Gonz\u00e1lez Urrutia como presidente democraticamente eleito da Venezuela. A organiza\u00e7\u00e3o avisou que vai fazer \u201ctudo que estiver ao seu alcance para que o pol\u00edtico tome posse em 10 de janeiro de 2025\u201d.<\/p>\n<p>A decis\u00e3o vai contra o resultado apresentado pelo Conselho Nacional Eleitoral da Venezuela, ligado ao regime chavista, que certificou a reelei\u00e7\u00e3o de Maduro para o seu terceiro mandato. O an\u00fancio, contudo, n\u00e3o apresentou as atas eleitorais, descumprindo assim os requisitos de transpar\u00eancia previamente acordados pela Justi\u00e7a.<\/p>\n<p><strong><a href=\"https:\/\/revistaoeste.com\/mundo\/onu-diz-que-nicolas-maduro-cometeu-crimes-contra-a-humanidade\/\">Source link<\/a><\/strong><\/p>\n<\/div>\n<p><br \/>\n<br \/><a href=\"https:\/\/paulofigueiredoshow.com\/onu-diz-que-nicolas-maduro-cometeu-crimes-contra-a-humanidade\/\">Source link <\/a><\/p>","protected":false},"excerpt":{"rendered":"<p>Foto \u2013 Federico Parra\/AFP Relat\u00f3rio destacou os abusos do regime chavista durante o per\u00edodo eleitoral A Miss\u00e3o Internacional Independente de Apura\u00e7\u00e3o de Fatos sobre a Venezuela, ligada \u00e0 Organiza\u00e7\u00e3o das&hellip;<\/p>","protected":false},"author":1,"featured_media":23714,"comment_status":"closed","ping_status":"open","sticky":false,"template":"","format":"standard","meta":{"content-type":"","footnotes":""},"categories":[16],"tags":[19119,1100,27736,1590,5304,27737,4747,1101],"class_list":["post-48433","post","type-post","status-publish","format-standard","has-post-thumbnail","hentry","category-noticias","tag-crimes","tag-ditador","tag-humanidade","tag-maduro","tag-onu","tag-realtorio","tag-regime","tag-venezuela"],"_links":{"self":[{"href":"https:\/\/tvbrazilusa.com\/pt\/wp-json\/wp\/v2\/posts\/48433","targetHints":{"allow":["GET"]}}],"collection":[{"href":"https:\/\/tvbrazilusa.com\/pt\/wp-json\/wp\/v2\/posts"}],"about":[{"href":"https:\/\/tvbrazilusa.com\/pt\/wp-json\/wp\/v2\/types\/post"}],"author":[{"embeddable":true,"href":"https:\/\/tvbrazilusa.com\/pt\/wp-json\/wp\/v2\/users\/1"}],"replies":[{"embeddable":true,"href":"https:\/\/tvbrazilusa.com\/pt\/wp-json\/wp\/v2\/comments?post=48433"}],"version-history":[{"count":1,"href":"https:\/\/tvbrazilusa.com\/pt\/wp-json\/wp\/v2\/posts\/48433\/revisions"}],"predecessor-version":[{"id":48434,"href":"https:\/\/tvbrazilusa.com\/pt\/wp-json\/wp\/v2\/posts\/48433\/revisions\/48434"}],"wp:featuredmedia":[{"embeddable":true,"href":"https:\/\/tvbrazilusa.com\/pt\/wp-json\/wp\/v2\/media\/23714"}],"wp:attachment":[{"href":"https:\/\/tvbrazilusa.com\/pt\/wp-json\/wp\/v2\/media?parent=48433"}],"wp:term":[{"taxonomy":"category","embeddable":true,"href":"https:\/\/tvbrazilusa.com\/pt\/wp-json\/wp\/v2\/categories?post=48433"},{"taxonomy":"post_tag","embeddable":true,"href":"https:\/\/tvbrazilusa.com\/pt\/wp-json\/wp\/v2\/tags?post=48433"}],"curies":[{"name":"wp","href":"https:\/\/api.w.org\/{rel}","templated":true}]}}