{"id":48484,"date":"2024-10-15T20:59:59","date_gmt":"2024-10-15T20:59:59","guid":{"rendered":"https:\/\/tvbrazilusa.com\/2024\/10\/15\/o-farol-da-ilha-amelia-esta-brilhando-novamente-jacksonville-today\/"},"modified":"2024-10-15T21:07:39","modified_gmt":"2024-10-15T21:07:39","slug":"o-farol-da-ilha-amelia-esta-brilhando-novamente-jacksonville-today","status":"publish","type":"post","link":"https:\/\/tvbrazilusa.com\/pt\/2024\/10\/15\/o-farol-da-ilha-amelia-esta-brilhando-novamente-jacksonville-today\/","title":{"rendered":"O farol da Ilha Amelia est\u00e1 brilhando novamente &#8211; Jacksonville Today"},"content":{"rendered":"<p> <script async src=\"https:\/\/pagead2.googlesyndication.com\/pagead\/js\/adsbygoogle.js?client=ca-pub-8864793242727901\"\r\n     crossorigin=\"anonymous\"><\/script><br \/>\n<\/p>\n<div>\n<p>Ap\u00f3s 18 meses fora de servi\u00e7o, o farol da Ilha Am\u00e9lia voltou a brilhar.<\/p>\n<p>Situado no <a href=\"https:\/\/jaxtoday.org\/2024\/05\/06\/amelia-recognized-as-best-island-in-us\/\">extremo norte da ilha<\/a>o Amelia Island Light \u00e9 o farol mais antigo existente na Fl\u00f3rida.<\/p>\n<p>A luz n\u00e3o funcionou durante 18 meses devido a uma falha mec\u00e2nica. A Flotilha 14-1 do Distrito Auxiliar da Guarda Costeira dos EUA 7 anunciou ter\u00e7a-feira que o farol foi oficialmente restaurado e agora est\u00e1 ativo como aux\u00edlio \u00e0 navega\u00e7\u00e3o.<\/p>\n<figure class=\"wp-block-image size-large\"><\/figure>\n<p>O farol fica em uma colina com vista para Egans Creek, onde marca a entrada de St. Marys, a enseada que leva ao rio St. Marys, Cumberland Sound e ao porto de Fernandina Beach.<\/p>\n<p>A luz branca pisca a cada 10 segundos, ficando vermelha de 344 graus para 360 graus ao cobrir os baixios nas proximidades de Nassau Sound.<\/p>\n<p>A torre da luz ficava anteriormente na Ilha Cumberland. Foi transferido e reconstru\u00eddo na Ilha Am\u00e9lia em 1838. <\/p>\n<p>A propriedade da torre e do terreno do farol foi transferida da Guarda Costeira dos EUA para <a href=\"https:\/\/jaxtoday.org\/2024\/07\/17\/fernandina-waterfront-park-gets-design-approval\/\">a cidade de Praia Fernandina<\/a> em 2001. A Guarda Costeira manteve a propriedade e a responsabilidade pela fun\u00e7\u00e3o do farol.<\/p>\n<p>O farol n\u00e3o est\u00e1 aberto ao p\u00fablico, exceto aos s\u00e1bados, quando apenas o recinto est\u00e1 aberto.<br \/>Para mais informa\u00e7\u00f5es, acesse <a href=\"https:\/\/www.ameliaisland.com\/partners\/amelia-island-lighthouse\/\" target=\"_blank\" rel=\"noreferrer noopener nofollow\">https:\/\/www.ameliaisland.com\/partners\/amelia-island-lighthouse\/<\/a><\/p>\n<\/div>\n<p><br \/>\n<br \/><a href=\"https:\/\/jaxtoday.org\/2024\/10\/15\/amelia-island-lighthouse\/\">Source link <\/a><\/p>","protected":false},"excerpt":{"rendered":"<p>Ap\u00f3s 18 meses fora de servi\u00e7o, o farol da Ilha Am\u00e9lia voltou a brilhar. Situado no extremo norte da ilhao Amelia Island Light \u00e9 o farol mais antigo existente na&hellip;<\/p>","protected":false},"author":1,"featured_media":48485,"comment_status":"closed","ping_status":"open","sticky":false,"template":"","format":"standard","meta":{"content-type":"","footnotes":""},"categories":[1],"tags":[],"class_list":["post-48484","post","type-post","status-publish","format-standard","has-post-thumbnail","hentry","category-uncategorized"],"_links":{"self":[{"href":"https:\/\/tvbrazilusa.com\/pt\/wp-json\/wp\/v2\/posts\/48484","targetHints":{"allow":["GET"]}}],"collection":[{"href":"https:\/\/tvbrazilusa.com\/pt\/wp-json\/wp\/v2\/posts"}],"about":[{"href":"https:\/\/tvbrazilusa.com\/pt\/wp-json\/wp\/v2\/types\/post"}],"author":[{"embeddable":true,"href":"https:\/\/tvbrazilusa.com\/pt\/wp-json\/wp\/v2\/users\/1"}],"replies":[{"embeddable":true,"href":"https:\/\/tvbrazilusa.com\/pt\/wp-json\/wp\/v2\/comments?post=48484"}],"version-history":[{"count":1,"href":"https:\/\/tvbrazilusa.com\/pt\/wp-json\/wp\/v2\/posts\/48484\/revisions"}],"predecessor-version":[{"id":48486,"href":"https:\/\/tvbrazilusa.com\/pt\/wp-json\/wp\/v2\/posts\/48484\/revisions\/48486"}],"wp:featuredmedia":[{"embeddable":true,"href":"https:\/\/tvbrazilusa.com\/pt\/wp-json\/wp\/v2\/media\/48485"}],"wp:attachment":[{"href":"https:\/\/tvbrazilusa.com\/pt\/wp-json\/wp\/v2\/media?parent=48484"}],"wp:term":[{"taxonomy":"category","embeddable":true,"href":"https:\/\/tvbrazilusa.com\/pt\/wp-json\/wp\/v2\/categories?post=48484"},{"taxonomy":"post_tag","embeddable":true,"href":"https:\/\/tvbrazilusa.com\/pt\/wp-json\/wp\/v2\/tags?post=48484"}],"curies":[{"name":"wp","href":"https:\/\/api.w.org\/{rel}","templated":true}]}}