{"id":48496,"date":"2024-10-15T21:47:39","date_gmt":"2024-10-15T21:47:39","guid":{"rendered":"https:\/\/tvbrazilusa.com\/2024\/10\/15\/ucrania-declara-estado-de-alerta-devido-ao-aumento-das-desercoes-no-exercito\/"},"modified":"2024-10-15T21:47:40","modified_gmt":"2024-10-15T21:47:40","slug":"ucrania-declara-estado-de-alerta-devido-ao-aumento-das-desercoes-no-exercito","status":"publish","type":"post","link":"https:\/\/tvbrazilusa.com\/pt\/2024\/10\/15\/ucrania-declara-estado-de-alerta-devido-ao-aumento-das-desercoes-no-exercito\/","title":{"rendered":"Ucr\u00e2nia declara estado de alerta devido ao aumento das deser\u00e7\u00f5es no Ex\u00e9rcito"},"content":{"rendered":"<p> <script async src=\"https:\/\/pagead2.googlesyndication.com\/pagead\/js\/adsbygoogle.js?client=ca-pub-8864793242727901\"\r\n     crossorigin=\"anonymous\"><\/script><br \/>\n<\/p>\n<div id=\"taboola-read-more\" style=\"display:block; width:100%\">\n<p>Kiril Babii estava convencido, em maio de 2023, de que lutaria at\u00e9 conseguir libertar a Crimeia, sua terra natal, da ocupa\u00e7\u00e3o russa. Ele era tenente na 43\u00aa Brigada de Artilharia da Ucr\u00e2nia, e se alistou como volunt\u00e1rio no in\u00edcio da invas\u00e3o, em fevereiro de 2022, abandonando o sonho de ser arquiteto, como contou ao El Pa\u00eds.\n<\/p>\n<p>Mas algo ocorreu dentro dele naquele momento do ano passado.<\/p>\n<p>\u201cH\u00e1 um m\u00eas me perguntei: \u2018e se a guerra durar cinco anos, Kirill?\u2019, e comecei a chorar. N\u00e3o quero passar mais tr\u00eas anos na guerra. Estou exausto\u201d, escreveu o combatente em sua conta no Instagram em novembro de 2023.\n<\/p>\n<p>Babii contou na \u00e9poca que, no dia 27 de fevereiro de 2024, quando atingiria dois anos de servi\u00e7o, deixaria seu regimento, uma \u201cdesmobiliza\u00e7\u00e3o volunt\u00e1ria\u201d, ou SZCH, sigla usada pelos militares para casos do tipo. Foi sua \u00faltima mensagem. Babii fugiu e est\u00e1 em local desconhecido.\n<\/p>\n<p>Ele foi um dos 45.543 soldados que desertaram do Ex\u00e9rcito ucraniano entre janeiro e agosto de 2024, segundo dados da Procuradoria-Geral revelados pela imprensa ucraniana. \u00c9 mais da metade dos 81.167 casos registrados publicamente desde 2022. Militares consultados por ve\u00edculos como o Hromadske ou o LB estimam que o n\u00famero real seja de cerca de 100 mil, equivalente a 10% de todo o pessoal das For\u00e7as Armadas do pa\u00eds.\n<\/p>\n<p>Um caso id\u00eantico ao de Babii causou furor nacional e provocou a primeira discuss\u00e3o p\u00fablica sobre a quest\u00e3o desde o in\u00edcio da guerra. Serhii Gnezdilov, soldado da 56\u00aa Brigada de Infantaria Motorizada, anunciou em suas redes sociais que abandonaria suas fun\u00e7\u00f5es at\u00e9 que fosse especificado por quanto tempo mais atuaria na guerra. Gnezdilov disse ainda que estava farto da corrup\u00e7\u00e3o que permite, em troca de alguns milhares de euros, que uma pessoa n\u00e3o seja alistada. Os servi\u00e7os de seguran\u00e7a da Ucr\u00e2nia o prenderam no dia 9 de outubro, e o acusaram de evas\u00e3o de responsabilidades durante a lei marcial.\n<\/p>\n<p>As autoridades ucranianas fazem uma diferencia\u00e7\u00e3o entre a desmobiliza\u00e7\u00e3o volunt\u00e1ria e a deser\u00e7\u00e3o: no primeiro caso, que corresponde a 66% do total, os soldados aproveitam uma permiss\u00e3o para n\u00e3o regressar ao seu regimento alegando motiva\u00e7\u00f5es pessoais, neglig\u00eancia na unidade ou erros nos documentos de alistamento para que n\u00e3o retornem \u00e0s fun\u00e7\u00f5es por algum tempo.\n<\/p>\n<p>J\u00e1 os desertores s\u00e3o os que desaparecem de forma definitiva e sem alegar um motivo. Os dois casos s\u00e3o considerados crimes, com penas entre cinco e 10 anos de pris\u00e3o. Mas o problema \u00e9 de tal magnitude que o Parlamento aprovou, em agosto, uma lei permitindo que os SZCH voltem ao Ex\u00e9rcito ap\u00f3s receber uma advert\u00eancia.\n<\/p>\n<p>A situa\u00e7\u00e3o \u00e9 muito dif\u00edcil, n\u00e3o podemos fingir que n\u00e3o acontece. E por isso tratamos do problema h\u00e1 muito tempo em nossos encontros com o Estado-Maior e o Minist\u00e9rio da Defesa \u2014 disse, no domingo, o deputado Fedir Venislavskii, em entrevista \u00e0 r\u00e1dio NV.\n<\/p>\n<p>O El Pa\u00eds conversou, em abril, com um oficial que deixou sua brigada como \u201cdesmobilizado voluntariamente\u201d. Ele est\u00e1 em casa e n\u00e3o tem qualquer inten\u00e7\u00e3o de retornar ao campo de batalha, alegando neglig\u00eancias cometidas por seus comandantes. Defende que combateu por mais de dois anos, que tamb\u00e9m lutou na guerra no Donbass, em 2014, contra os separatistas pr\u00f3-Moscou, e que merece retornar \u00e0 vida civil.\n<\/p>\n<p>Andrii Pisarenko, advogado e comandante de uma unidade de morteiros no Batalh\u00e3o Da Vinci, explicou que a principal raz\u00e3o para que haja poucas pris\u00f5es dos desertores e \u201cdesmobilizados\u201d \u00e9 a falta de recursos para enfrentar um grande n\u00famero de casos. Pisarenko afirma que h\u00e1 muito mais fugitivos do que apontam os n\u00fameros oficiais, e que alguns comandantes n\u00e3o reportam os casos para evitar problemas ou por companheirismo.\n<\/p>\n<p>Em setembro, Diana Makarova, uma conhecida volunt\u00e1ria das For\u00e7as Armadas ucranianas desde 2014, comentou no Facebook que os fugitivos s\u00e3o tantos que ser\u00e1 dif\u00edcil para o governo enfrentar a quest\u00e3o sem correr o risco de mergulhar em uma crise. Para ela, \u201ca deser\u00e7\u00e3o em massa come\u00e7ou, vai crescer ainda mais e quanto mais gente desertar, mais dif\u00edcil ser\u00e1 aplicar os castigos\u201d.\n<\/p>\n<p>\u2014 Voc\u00ea se apresenta ao Ex\u00e9rcito para lutar pela liberdade e o que encontra l\u00e1 \u00e9 um cen\u00e1rio em que est\u00e1 sem liberdade por um tempo, sem saber quando isso terminar\u00e1 \u2014 disse o desertor consultado pelo El Pa\u00eds em abril, e que prefere manter o anonimato para evitar o risco de pris\u00e3o.\n<\/p>\n<p>Foi o mesmo que disse Babii em sua mensagem de despedida.\n<\/p>\n<p>\u201cPe\u00e7o mudan\u00e7as para mudar o Ex\u00e9rcito de uma institui\u00e7\u00e3o que \u00e9 uma pris\u00e3o para uma que defenda em condi\u00e7\u00f5es aptas o Estado durante uma guerra de longo prazo\u201d, afirmou. Na mesma linha, Igor Lutsenko, comandante de uma unidade de drones, disse ao jornal Hromadske que o Ex\u00e9rcito \u201cprecisa deixar de ser uma pris\u00e3o de herois\u201d.\n<\/p>\n<p>Lutsenko confirmava que a situa\u00e7\u00e3o \u00e9 extremamente complexa porque enquanto os civis que est\u00e3o no Ex\u00e9rcito desde o come\u00e7o da guerra querem voltar \u00e0s suas vidas, praticamente ningu\u00e9m quer mais se alistar, e os que o fazem chegam desmotivados diante das poucas chances de sucesso no campo de batalha.\n<\/p>\n<p>O mal-estar nas For\u00e7as Armadas chegou ao \u00e1pice em abril, quando foi aprovada a nova lei de mobiliza\u00e7\u00e3o. Centenas de milhares de combatentes volunt\u00e1rios aguardavam que a norma permitisse o retorno para casa ap\u00f3s tr\u00eas anos nas linhas de frente, mas o governo e o Estado-Maior do Ex\u00e9rcito descartaram a desmobiliza\u00e7\u00e3o porque n\u00e3o podem mais perder soldados, especialmente soldados experientes\n<\/p>\n<p>Um oficial que atua na linha de frente em Zapor\u00edjia, e que recebeu uma permiss\u00e3o para visitar seus parentes no exterior, disse ao El Pa\u00eds que, ao cruzar a fronteira, os agentes lhe disseram ter a certeza de que n\u00e3o voltaria \u00e0 Ucr\u00e2nia. O oficial voltou, mas apresentou sua experi\u00eancia como exemplo da falta de militares veteranos: dos soldados que tinha em seu batalh\u00e3o em 2022, apenas 5% est\u00e3o na ativa. Os demais morreram ou foram afastados por ferimentos.\n<\/p>\n<p>A R\u00fassia n\u00e3o tem apenas uma popula\u00e7\u00e3o maior para engrossar as linhas de frente, mas tamb\u00e9m tem m\u00e9todos mais dr\u00e1sticos de recrutamento e, especialmente, convencer suas tropas a n\u00e3o desertar. Os relatos de soldados e v\u00eddeos de drones ucranianos comprovam que as execu\u00e7\u00f5es sum\u00e1rias s\u00e3o frequentes para quem abandona seu posto.\n<\/p>\n<p>Al\u00e9m do esgotamento dos civis que se alistaram para defender seu pa\u00eds, existe uma car\u00eancia na forma\u00e7\u00e3o e falta de armamentos para resistir ao avan\u00e7o russo. No come\u00e7o do m\u00eas, cerca de 100 soldados da 123\u00aa Brigada das For\u00e7as de Defesa Territorial deixaram suas posi\u00e7\u00f5es em Donetsk para protestar contra o despreparo das novas for\u00e7as e, acima de tudo, a falta de muni\u00e7\u00e3o e recursos. O presidente da Ucr\u00e2nia, Volodymyr Zelensky, tamb\u00e9m levou em conta essa desmotiva\u00e7\u00e3o ao afirmar, em suas viagens aos EUA e Europa, que a guerra pode terminar em 2025.\n<\/p>\n<p>Fonte: O Globo <\/p>\n<\/div>\n<p><br \/>\n<br \/><a href=\"https:\/\/diariodobrasilnoticias.com.br\/noticia\/ucrania-declara-estado-de-alerta-devido-ao-aumento-das-desercoes-no-exercito-670ec040c769a\">Source link <\/a><\/p>","protected":false},"excerpt":{"rendered":"<p>Kiril Babii estava convencido, em maio de 2023, de que lutaria at\u00e9 conseguir libertar a Crimeia, sua terra natal, da ocupa\u00e7\u00e3o russa. Ele era tenente na 43\u00aa Brigada de Artilharia&hellip;<\/p>","protected":false},"author":1,"featured_media":48497,"comment_status":"closed","ping_status":"open","sticky":false,"template":"","format":"standard","meta":{"content-type":"","footnotes":""},"categories":[16],"tags":[123,2448,5313,1267],"class_list":["post-48496","post","type-post","status-publish","format-standard","has-post-thumbnail","hentry","category-noticias","tag-brasil","tag-diario","tag-noticia","tag-noticias"],"_links":{"self":[{"href":"https:\/\/tvbrazilusa.com\/pt\/wp-json\/wp\/v2\/posts\/48496","targetHints":{"allow":["GET"]}}],"collection":[{"href":"https:\/\/tvbrazilusa.com\/pt\/wp-json\/wp\/v2\/posts"}],"about":[{"href":"https:\/\/tvbrazilusa.com\/pt\/wp-json\/wp\/v2\/types\/post"}],"author":[{"embeddable":true,"href":"https:\/\/tvbrazilusa.com\/pt\/wp-json\/wp\/v2\/users\/1"}],"replies":[{"embeddable":true,"href":"https:\/\/tvbrazilusa.com\/pt\/wp-json\/wp\/v2\/comments?post=48496"}],"version-history":[{"count":1,"href":"https:\/\/tvbrazilusa.com\/pt\/wp-json\/wp\/v2\/posts\/48496\/revisions"}],"predecessor-version":[{"id":48498,"href":"https:\/\/tvbrazilusa.com\/pt\/wp-json\/wp\/v2\/posts\/48496\/revisions\/48498"}],"wp:featuredmedia":[{"embeddable":true,"href":"https:\/\/tvbrazilusa.com\/pt\/wp-json\/wp\/v2\/media\/48497"}],"wp:attachment":[{"href":"https:\/\/tvbrazilusa.com\/pt\/wp-json\/wp\/v2\/media?parent=48496"}],"wp:term":[{"taxonomy":"category","embeddable":true,"href":"https:\/\/tvbrazilusa.com\/pt\/wp-json\/wp\/v2\/categories?post=48496"},{"taxonomy":"post_tag","embeddable":true,"href":"https:\/\/tvbrazilusa.com\/pt\/wp-json\/wp\/v2\/tags?post=48496"}],"curies":[{"name":"wp","href":"https:\/\/api.w.org\/{rel}","templated":true}]}}