{"id":48511,"date":"2024-10-15T22:34:09","date_gmt":"2024-10-15T22:34:09","guid":{"rendered":"https:\/\/tvbrazilusa.com\/2024\/10\/15\/ninguem-deveria-ir-para-a-cadeia-por-fumar-maconha-diz-kamala\/"},"modified":"2024-10-15T22:34:10","modified_gmt":"2024-10-15T22:34:10","slug":"ninguem-deveria-ir-para-a-cadeia-por-fumar-maconha-diz-kamala","status":"publish","type":"post","link":"https:\/\/tvbrazilusa.com\/pt\/2024\/10\/15\/ninguem-deveria-ir-para-a-cadeia-por-fumar-maconha-diz-kamala\/","title":{"rendered":"&#8216;Ningu\u00e9m deveria ir para a cadeia por fumar maconha&#8217;, diz Kamala"},"content":{"rendered":"<p> <script async src=\"https:\/\/pagead2.googlesyndication.com\/pagead\/js\/adsbygoogle.js?client=ca-pub-8864793242727901\"\r\n     crossorigin=\"anonymous\"><\/script><br \/>\n<\/p>\n<div id=\"taboola-read-more\" style=\"display:block; width:100%\">\n<p>A vice-presidente dos Estados Unidos e candidata \u00e0 presid\u00eancia pelo Partido Democrata, Kamala Harris, afirmou, nesta ter\u00e7a-feira (15\/10), em sua conta do X que \u201cningu\u00e9m deveria ir para a cadeia por fumar m4c0nha\u201d.<\/p>\n<p>Em sua postagem no X, a candidata afirmou que tornar\u00e1 o consumo de m4conha recreativa legal, se eleita presidente.<\/p>\n<p>\u201cKamala Harris vai legalizar a m4conha recreativa, rompendo com barreiras injustas que atrasam homens negros e outros americanos, assegurando que negros americanos tenham as mesmas oportunidades de sucesso assim que o mercado de trabalho se reestruturar\u201d, escreveu Kamala.<\/p>\n<p>Essa \u00e9 a segunda manifesta\u00e7\u00e3o de Kamala Harris sobre a legaliza\u00e7\u00e3o da m4conha em todo o pa\u00eds. Em outra oportunidade, a vice-presidente chegou a brincar que usou a dr0ga quando estava na faculdade.<\/p>\n<p>Atualmente, a maioria dos estados norte-americanos legalizou o porte de m4conha, principalmente aqueles em que o grupo de eleitores \u00e9 mais jovem, p\u00fablico-alvo da campanha Harris-Walz.<\/p>\n<p>Diante desse posicionamento, Kamala Harris \u00e9 a primeira candidata presidencial dos dois grandes partidos, Republicano e Democrata, a defender a legaliza\u00e7\u00e3o da m4conha publicamente, sem rodeios.\n<\/p>\n<p>Fonte: @metropoles<\/p>\n<\/p><\/div>\n<p><br \/>\n<br \/><a href=\"https:\/\/diariodobrasilnoticias.com.br\/noticia\/-ninguem-deveria-ir-para-a-cadeia-por-fumar-maconha-diz-kamala-670ed06282e26\">Source link <\/a><\/p>","protected":false},"excerpt":{"rendered":"<p>A vice-presidente dos Estados Unidos e candidata \u00e0 presid\u00eancia pelo Partido Democrata, Kamala Harris, afirmou, nesta ter\u00e7a-feira (15\/10), em sua conta do X que \u201cningu\u00e9m deveria ir para a cadeia&hellip;<\/p>","protected":false},"author":1,"featured_media":48512,"comment_status":"closed","ping_status":"open","sticky":false,"template":"","format":"standard","meta":{"content-type":"","footnotes":""},"categories":[16],"tags":[123,2448,5313,1267],"class_list":["post-48511","post","type-post","status-publish","format-standard","has-post-thumbnail","hentry","category-noticias","tag-brasil","tag-diario","tag-noticia","tag-noticias"],"_links":{"self":[{"href":"https:\/\/tvbrazilusa.com\/pt\/wp-json\/wp\/v2\/posts\/48511","targetHints":{"allow":["GET"]}}],"collection":[{"href":"https:\/\/tvbrazilusa.com\/pt\/wp-json\/wp\/v2\/posts"}],"about":[{"href":"https:\/\/tvbrazilusa.com\/pt\/wp-json\/wp\/v2\/types\/post"}],"author":[{"embeddable":true,"href":"https:\/\/tvbrazilusa.com\/pt\/wp-json\/wp\/v2\/users\/1"}],"replies":[{"embeddable":true,"href":"https:\/\/tvbrazilusa.com\/pt\/wp-json\/wp\/v2\/comments?post=48511"}],"version-history":[{"count":1,"href":"https:\/\/tvbrazilusa.com\/pt\/wp-json\/wp\/v2\/posts\/48511\/revisions"}],"predecessor-version":[{"id":48513,"href":"https:\/\/tvbrazilusa.com\/pt\/wp-json\/wp\/v2\/posts\/48511\/revisions\/48513"}],"wp:featuredmedia":[{"embeddable":true,"href":"https:\/\/tvbrazilusa.com\/pt\/wp-json\/wp\/v2\/media\/48512"}],"wp:attachment":[{"href":"https:\/\/tvbrazilusa.com\/pt\/wp-json\/wp\/v2\/media?parent=48511"}],"wp:term":[{"taxonomy":"category","embeddable":true,"href":"https:\/\/tvbrazilusa.com\/pt\/wp-json\/wp\/v2\/categories?post=48511"},{"taxonomy":"post_tag","embeddable":true,"href":"https:\/\/tvbrazilusa.com\/pt\/wp-json\/wp\/v2\/tags?post=48511"}],"curies":[{"name":"wp","href":"https:\/\/api.w.org\/{rel}","templated":true}]}}