{"id":48523,"date":"2024-10-15T23:27:46","date_gmt":"2024-10-15T23:27:46","guid":{"rendered":"https:\/\/tvbrazilusa.com\/2024\/10\/15\/stj-deixa-juiz-que-soltou-lula-fora-de-lista-triplice\/"},"modified":"2024-10-15T23:27:47","modified_gmt":"2024-10-15T23:27:47","slug":"stj-deixa-juiz-que-soltou-lula-fora-de-lista-triplice","status":"publish","type":"post","link":"https:\/\/tvbrazilusa.com\/pt\/2024\/10\/15\/stj-deixa-juiz-que-soltou-lula-fora-de-lista-triplice\/","title":{"rendered":"STJ deixa juiz que soltou Lula fora de lista tr\u00edplice"},"content":{"rendered":"<p> <script async src=\"https:\/\/pagead2.googlesyndication.com\/pagead\/js\/adsbygoogle.js?client=ca-pub-8864793242727901\"\r\n     crossorigin=\"anonymous\"><\/script><br \/>\n<\/p>\n<div id=\"taboola-read-more\" style=\"display:block; width:100%\">\n<p>O STJ (Superior Tribunal de Justi\u00e7a) definiu na manh\u00e3 desta 3\u00aa feira (15.out.2024) a lista tr\u00edplice de indicados a ocupar a vaga destinada a ju\u00edzes federais e integrantes do Minist\u00e9rio P\u00fablico no Tribunal.\n<\/p>\n<p>Para a vaga destinada a ju\u00edzes federais, os nomes escolhidos foram:<\/p>\n<ul>\n<li>Carlos Augusto Pires Brand\u00e3o, do TRF-1 (Tribunal Regional Federal da 1\u00aa Regi\u00e3o);<\/li>\n<li>Daniele Maranh\u00e3o, do TRF-1 (Tribunal Regional Federal da 1\u00aa Regi\u00e3o); e<\/li>\n<li>Marisa Santos, do TRF-3 (Tribunal Regional Federal da 3\u00aa Regi\u00e3o.<\/li>\n<\/ul>\n<p>Brand\u00e3o recebeu 17 votos em uma 1\u00aa rodada de vota\u00e7\u00e3o entre os ministros. Foram realizados novos escrut\u00ednios at\u00e9 chegar aos outros 2 nomes. Ambas receberam 18 e 17 votos respectivamente.\n<\/p>\n<p>Rog\u00e9rio Favreto, ju\u00edz do TRF-4 (Tribunal Regional Federal da 4\u00aa Regi\u00e3o), que mandou soltar o presidente Luiz In\u00e1cio Lula da Silva (PT) em 2018, era cotado para entrar na lista, mas ficou de fora.\n<\/p>\n<p>J\u00e1 para a vaga destinada a integrantes do Minist\u00e9rio P\u00fablico, os escolhidos para a lista tr\u00edplice foram:\n<\/p>\n<ul>\n<li>Sammy Barbosa Lopes, do MP-AC (Minist\u00e9rio P\u00fablico do Acre);<\/li>\n<li>Maria Marluce Caldas Bezerra, do MP-AL (Minist\u00e9rio P\u00fablico de Alagoas); e<\/li>\n<li>Carlos Frederico Santos, do MPF (Minist\u00e9rio P\u00fablico Federal).<br \/>Lopes e Bezerra receberam 17 votos em uma 1\u00aa rodada, e Santos recebeu 18 em 2\u00ba escrut\u00ednio dos ministros.<\/li>\n<\/ul>\n<p>As duas vagas foram aberta com a sa\u00edda das ministras Assusete Magalh\u00e3es e Laurita Vaz. Para a vaga de juiz federal, os ministros do STJ recebem uma lista composta com 16 nomes, dos quais escolhem 3. J\u00e1 para a vaga do Minist\u00e9rio P\u00fablico, o Tribunal recebe 40 nomes.\n<\/p>\n<p>PR\u00d3XIMOS PASSOS<br \/>As listas agora ser\u00e3o encaminhadas para o presidente Lula, que deve indicar 1 magistrado de cada para compor o colegiado do STJ. Os escolhidos, ent\u00e3o, ser\u00e3o sabatinados pela CCJ (Comiss\u00e3o de Constitui\u00e7\u00e3o e Justi\u00e7a) do Senado e sua indica\u00e7\u00e3o deve ser aprovada pelos senadores.\n<\/p>\n<p>No m\u00eas passado, perto da data de defini\u00e7\u00e3o das listas tr\u00edplices, Lula convidou todos os ministros do STJ para um jantar na Granja do Torto, em um movimento de aproxima\u00e7\u00e3o com os integrantes do Tribunal.\n<\/p>\n<p>O STJ \u00e9 composto por ao menos 33 ministros. As cadeiras do tribunal s\u00e3o divididas da seguinte maneira:\n<\/p>\n<ul>\n<li>1\/3 entre ju\u00edzes dos Tribunais Regionais Federais;<\/li>\n<li>1\/3 entre desembargadores dos Tribunais de Justi\u00e7a, indicados em lista tr\u00edplice elaborada pelo pr\u00f3prio STJ;<\/li>\n<li>e 1\/3 (em partes iguais) entre advogados e integrantes dos Minist\u00e9rios P\u00fablico Federal, estadual, do Distrito Federal e dos Territ\u00f3rios, alternadamente.<\/li>\n<\/ul>\n<p>Fonte: Poder 360 <\/p>\n<\/div>\n<p><br \/>\n<br \/><a href=\"https:\/\/diariodobrasilnoticias.com.br\/noticia\/stj-deixa-juiz-que-soltou-lula-fora-de-lista-triplice-670ed8f5a3344\">Source link <\/a><\/p>","protected":false},"excerpt":{"rendered":"<p>O STJ (Superior Tribunal de Justi\u00e7a) definiu na manh\u00e3 desta 3\u00aa feira (15.out.2024) a lista tr\u00edplice de indicados a ocupar a vaga destinada a ju\u00edzes federais e integrantes do Minist\u00e9rio&hellip;<\/p>","protected":false},"author":1,"featured_media":48524,"comment_status":"closed","ping_status":"open","sticky":false,"template":"","format":"standard","meta":{"content-type":"","footnotes":""},"categories":[16],"tags":[123,2448,5313,1267],"class_list":["post-48523","post","type-post","status-publish","format-standard","has-post-thumbnail","hentry","category-noticias","tag-brasil","tag-diario","tag-noticia","tag-noticias"],"_links":{"self":[{"href":"https:\/\/tvbrazilusa.com\/pt\/wp-json\/wp\/v2\/posts\/48523","targetHints":{"allow":["GET"]}}],"collection":[{"href":"https:\/\/tvbrazilusa.com\/pt\/wp-json\/wp\/v2\/posts"}],"about":[{"href":"https:\/\/tvbrazilusa.com\/pt\/wp-json\/wp\/v2\/types\/post"}],"author":[{"embeddable":true,"href":"https:\/\/tvbrazilusa.com\/pt\/wp-json\/wp\/v2\/users\/1"}],"replies":[{"embeddable":true,"href":"https:\/\/tvbrazilusa.com\/pt\/wp-json\/wp\/v2\/comments?post=48523"}],"version-history":[{"count":1,"href":"https:\/\/tvbrazilusa.com\/pt\/wp-json\/wp\/v2\/posts\/48523\/revisions"}],"predecessor-version":[{"id":48525,"href":"https:\/\/tvbrazilusa.com\/pt\/wp-json\/wp\/v2\/posts\/48523\/revisions\/48525"}],"wp:featuredmedia":[{"embeddable":true,"href":"https:\/\/tvbrazilusa.com\/pt\/wp-json\/wp\/v2\/media\/48524"}],"wp:attachment":[{"href":"https:\/\/tvbrazilusa.com\/pt\/wp-json\/wp\/v2\/media?parent=48523"}],"wp:term":[{"taxonomy":"category","embeddable":true,"href":"https:\/\/tvbrazilusa.com\/pt\/wp-json\/wp\/v2\/categories?post=48523"},{"taxonomy":"post_tag","embeddable":true,"href":"https:\/\/tvbrazilusa.com\/pt\/wp-json\/wp\/v2\/tags?post=48523"}],"curies":[{"name":"wp","href":"https:\/\/api.w.org\/{rel}","templated":true}]}}