{"id":48529,"date":"2024-10-15T23:45:12","date_gmt":"2024-10-15T23:45:12","guid":{"rendered":"https:\/\/tvbrazilusa.com\/2024\/10\/15\/entenda-por-que-o-menino-de-9-anos-que-matou-23-animais-nao-sera-punido\/"},"modified":"2024-10-15T23:45:12","modified_gmt":"2024-10-15T23:45:12","slug":"entenda-por-que-o-menino-de-9-anos-que-matou-23-animais-nao-sera-punido","status":"publish","type":"post","link":"https:\/\/tvbrazilusa.com\/pt\/2024\/10\/15\/entenda-por-que-o-menino-de-9-anos-que-matou-23-animais-nao-sera-punido\/","title":{"rendered":"Entenda por que o menino de 9 anos que matou 23 animais n\u00e3o ser\u00e1 punido"},"content":{"rendered":"<p> <script async src=\"https:\/\/pagead2.googlesyndication.com\/pagead\/js\/adsbygoogle.js?client=ca-pub-8864793242727901\"\r\n     crossorigin=\"anonymous\"><\/script><br \/>\n<\/p>\n<div id=\"taboola-read-more\" style=\"display:block; width:100%\">\n<p>O menino de 9 anos que matou 23 animais ao invadir uma fazendinha em Nova F\u00e1tima, no norte do estado do Paran\u00e1, n\u00e3o ser\u00e1 punido criminalmente. Isso porque, por ser menor de 18, ele \u00e9 considerado inimput\u00e1vel, ou seja, n\u00e3o pode ser condenado por crimes.\n<\/p>\n<p>Ao Metr\u00f3poles, a Pol\u00edcia Civil do Paran\u00e1 (PCPR) confirmou que \u201ccomo uma crian\u00e7a de 9 anos \u00e9 a autora, n\u00e3o h\u00e1 implica\u00e7\u00f5es criminais\u201d.<\/p>\n<p>Conforme o Estatuto da Crian\u00e7a e do Adolescente, a partir dos 12 anos, menores infratores podem sofrer medidas socioeducativas, caso cometam ato infracional, que n\u00e3o \u00e9 um crime propriamente dito, mas uma a\u00e7\u00e3o an\u00e1loga.\n<\/p>\n<p>O massacre ocorreu no \u00faltimo domingo (13\/10) e o garoto teria visitado o local na v\u00e9spera, Dia da Crian\u00e7a (12\/10), quando aconteceu a inaugura\u00e7\u00e3o da fazendinha do hospital veterin\u00e1rio.\n<\/p>\n<p>\u201cO boletim de ocorr\u00eancia e outras informa\u00e7\u00f5es foram repassadas ao Conselho Tutelar\u201d, informou a Pol\u00edcia Civil.\n<\/p>\n<p>Menino esquartejou animais<br \/>Imagens das c\u00e2meras de seguran\u00e7a capturaram o momento em que o garoto invade o local, arremessa, esquarteja e mutila os animais.\n<\/p>\n<p>Aproximadamente 15 coelhos foram encontrados mortos, enquanto outros animais foram deixados soltos.\n<\/p>\n<p>O veterin\u00e1rio L\u00facio Barreto descreveu o horror ao encontrar os animais mortos.\n<\/p>\n<p><strong>\u201c\u00c9 uma situa\u00e7\u00e3o horr\u00edvel. H\u00e1 muitos anos a gente j\u00e1 cuida dos bichinhos com o maior prazer, com o maior amor. De repente, no dia seguinte de uma festa de Dia das Crian\u00e7as, chegar e se deparar com uma cena daquelas \u00e9 uma sensa\u00e7\u00e3o horr\u00edvel de impot\u00eancia, de tristeza\u201d, afirmou.<\/strong>\n<\/p>\n<p>Fonte: Metr\u00f3poles <\/p>\n<\/div>\n<p><br \/>\n<br \/><a href=\"https:\/\/diariodobrasilnoticias.com.br\/noticia\/entenda-por-que-o-menino-de-9-anos-que-matou-23-animais-nao-sera-punido-670ed71407e62\">Source link <\/a><\/p>","protected":false},"excerpt":{"rendered":"<p>O menino de 9 anos que matou 23 animais ao invadir uma fazendinha em Nova F\u00e1tima, no norte do estado do Paran\u00e1, n\u00e3o ser\u00e1 punido criminalmente. Isso porque, por ser&hellip;<\/p>","protected":false},"author":1,"featured_media":48530,"comment_status":"closed","ping_status":"open","sticky":false,"template":"","format":"standard","meta":{"content-type":"","footnotes":""},"categories":[16],"tags":[123,2448,5313,1267],"class_list":["post-48529","post","type-post","status-publish","format-standard","has-post-thumbnail","hentry","category-noticias","tag-brasil","tag-diario","tag-noticia","tag-noticias"],"_links":{"self":[{"href":"https:\/\/tvbrazilusa.com\/pt\/wp-json\/wp\/v2\/posts\/48529","targetHints":{"allow":["GET"]}}],"collection":[{"href":"https:\/\/tvbrazilusa.com\/pt\/wp-json\/wp\/v2\/posts"}],"about":[{"href":"https:\/\/tvbrazilusa.com\/pt\/wp-json\/wp\/v2\/types\/post"}],"author":[{"embeddable":true,"href":"https:\/\/tvbrazilusa.com\/pt\/wp-json\/wp\/v2\/users\/1"}],"replies":[{"embeddable":true,"href":"https:\/\/tvbrazilusa.com\/pt\/wp-json\/wp\/v2\/comments?post=48529"}],"version-history":[{"count":1,"href":"https:\/\/tvbrazilusa.com\/pt\/wp-json\/wp\/v2\/posts\/48529\/revisions"}],"predecessor-version":[{"id":48531,"href":"https:\/\/tvbrazilusa.com\/pt\/wp-json\/wp\/v2\/posts\/48529\/revisions\/48531"}],"wp:featuredmedia":[{"embeddable":true,"href":"https:\/\/tvbrazilusa.com\/pt\/wp-json\/wp\/v2\/media\/48530"}],"wp:attachment":[{"href":"https:\/\/tvbrazilusa.com\/pt\/wp-json\/wp\/v2\/media?parent=48529"}],"wp:term":[{"taxonomy":"category","embeddable":true,"href":"https:\/\/tvbrazilusa.com\/pt\/wp-json\/wp\/v2\/categories?post=48529"},{"taxonomy":"post_tag","embeddable":true,"href":"https:\/\/tvbrazilusa.com\/pt\/wp-json\/wp\/v2\/tags?post=48529"}],"curies":[{"name":"wp","href":"https:\/\/api.w.org\/{rel}","templated":true}]}}