{"id":48538,"date":"2024-10-16T00:24:00","date_gmt":"2024-10-16T00:24:00","guid":{"rendered":"https:\/\/tvbrazilusa.com\/2024\/10\/16\/a-garantia-de-nunes-marques-a-paulinho-da-forca-sobre-a-suspensao-da-pec-que-restringe-o-numero-de-ministros-do-stf\/"},"modified":"2024-10-16T00:24:01","modified_gmt":"2024-10-16T00:24:01","slug":"a-garantia-de-nunes-marques-a-paulinho-da-forca-sobre-a-suspensao-da-pec-que-restringe-o-numero-de-ministros-do-stf","status":"publish","type":"post","link":"https:\/\/tvbrazilusa.com\/pt\/2024\/10\/16\/a-garantia-de-nunes-marques-a-paulinho-da-forca-sobre-a-suspensao-da-pec-que-restringe-o-numero-de-ministros-do-stf\/","title":{"rendered":"A garantia de Nunes Marques a Paulinho da For\u00e7a sobre a suspens\u00e3o da PEC que restringe o n\u00famero de ministros do STF"},"content":{"rendered":"<p> <script async src=\"https:\/\/pagead2.googlesyndication.com\/pagead\/js\/adsbygoogle.js?client=ca-pub-8864793242727901\"\r\n     crossorigin=\"anonymous\"><\/script><br \/>\n<\/p>\n<div id=\"taboola-read-more\" style=\"display:block; width:100%\">\n<p>Na conversa com Paulinho da For\u00e7a (Solidariedade) no domingo, por telefone, Nunes Marques mais ouviu do que falou. Enquanto o deputado explicava as raz\u00f5es de acreditar na necessidade de a PEC que limita os poderes de ministros do STF avan\u00e7ar na C\u00e2mara mesmo adiante da sinaliza\u00e7\u00e3o de Arthur Lira de que no h\u00e1 pressa para a tramita\u00e7\u00e3o, Nunes Marques fez a seguinte promessa. Disse que iria conversar com aliados dentro do STF antes de tomar qualquer decis\u00e3o sobre a PEC.\n<\/p>\n<p>Nunes \u00e9 o relator das duas PEC propostas dos deputados Paulinho da For\u00e7a (Solidariedade-SP) e Pastor Henrique Vieira (PSOL-RJ) que pedem para suspender a tramita\u00e7\u00e3o da PEC sob a alega\u00e7\u00e3o de serem inconstitucional por n\u00e3o respeitar o princ\u00edpio constitucional da separa\u00e7\u00e3o dos poderes.<\/p>\n<p>Fonte: O Globo <\/p>\n<\/div>\n<p><br \/>\n<br \/><a href=\"https:\/\/diariodobrasilnoticias.com.br\/noticia\/a-garantia-de-nunes-marques-a-paulinho-da-forca-sobre-a-suspensao-da-pec-que-restringe-o-numero-de-ministros-do-stf-670ee6ad458b3\">Source link <\/a><\/p>","protected":false},"excerpt":{"rendered":"<p>Na conversa com Paulinho da For\u00e7a (Solidariedade) no domingo, por telefone, Nunes Marques mais ouviu do que falou. Enquanto o deputado explicava as raz\u00f5es de acreditar na necessidade de a&hellip;<\/p>","protected":false},"author":1,"featured_media":48539,"comment_status":"closed","ping_status":"open","sticky":false,"template":"","format":"standard","meta":{"content-type":"","footnotes":""},"categories":[16],"tags":[123,2448,5313,1267],"class_list":["post-48538","post","type-post","status-publish","format-standard","has-post-thumbnail","hentry","category-noticias","tag-brasil","tag-diario","tag-noticia","tag-noticias"],"_links":{"self":[{"href":"https:\/\/tvbrazilusa.com\/pt\/wp-json\/wp\/v2\/posts\/48538","targetHints":{"allow":["GET"]}}],"collection":[{"href":"https:\/\/tvbrazilusa.com\/pt\/wp-json\/wp\/v2\/posts"}],"about":[{"href":"https:\/\/tvbrazilusa.com\/pt\/wp-json\/wp\/v2\/types\/post"}],"author":[{"embeddable":true,"href":"https:\/\/tvbrazilusa.com\/pt\/wp-json\/wp\/v2\/users\/1"}],"replies":[{"embeddable":true,"href":"https:\/\/tvbrazilusa.com\/pt\/wp-json\/wp\/v2\/comments?post=48538"}],"version-history":[{"count":1,"href":"https:\/\/tvbrazilusa.com\/pt\/wp-json\/wp\/v2\/posts\/48538\/revisions"}],"predecessor-version":[{"id":48540,"href":"https:\/\/tvbrazilusa.com\/pt\/wp-json\/wp\/v2\/posts\/48538\/revisions\/48540"}],"wp:featuredmedia":[{"embeddable":true,"href":"https:\/\/tvbrazilusa.com\/pt\/wp-json\/wp\/v2\/media\/48539"}],"wp:attachment":[{"href":"https:\/\/tvbrazilusa.com\/pt\/wp-json\/wp\/v2\/media?parent=48538"}],"wp:term":[{"taxonomy":"category","embeddable":true,"href":"https:\/\/tvbrazilusa.com\/pt\/wp-json\/wp\/v2\/categories?post=48538"},{"taxonomy":"post_tag","embeddable":true,"href":"https:\/\/tvbrazilusa.com\/pt\/wp-json\/wp\/v2\/tags?post=48538"}],"curies":[{"name":"wp","href":"https:\/\/api.w.org\/{rel}","templated":true}]}}