{"id":48579,"date":"2024-10-16T02:55:07","date_gmt":"2024-10-16T02:55:07","guid":{"rendered":"https:\/\/tvbrazilusa.com\/2024\/10\/16\/moraes-determina-extradicao-de-63-brasileiros-da-argentina-paulo-figueiredo\/"},"modified":"2024-10-16T02:57:50","modified_gmt":"2024-10-16T02:57:50","slug":"moraes-determina-extradicao-de-63-brasileiros-da-argentina-paulo-figueiredo","status":"publish","type":"post","link":"https:\/\/tvbrazilusa.com\/pt\/2024\/10\/16\/moraes-determina-extradicao-de-63-brasileiros-da-argentina-paulo-figueiredo\/","title":{"rendered":"Moraes Determina Extradi\u00e7\u00e3o de 63 Brasileiros da Argentina &#8211; Paulo Figueiredo"},"content":{"rendered":"<p> <script async src=\"https:\/\/pagead2.googlesyndication.com\/pagead\/js\/adsbygoogle.js?client=ca-pub-8864793242727901\"\r\n     crossorigin=\"anonymous\"><\/script><br \/>\n<\/p>\n<div id=\"wtr-content\" data-bg=\"#FFFFFF\" data-fg=\"#006d91\" data-width=\"25\" data-mute=\"1\" data-fgopacity=\"1.00\" data-mutedopacity=\"0.5\" data-placement=\"bottom\" data-placement-offset=\"0\" data-content-offset=\"262\" data-placement-touch=\"bottom\" data-placement-offset-touch=\"0\" data-transparent=\"\" data-shadow=\"0\" data-touch=\"1\" data-non-touch=\"1\" data-comments=\"0\" data-commentsbg=\"transparent\" data-location=\"page\" data-mutedfg=\"#006d91\" data-endfg=\"#006d91\" data-rtl=\"\">\n<p>Em mais um epis\u00f3dio relacionado aos manifestantes de 8\/1, Moraes, determinou a extradi\u00e7\u00e3o de 63 brasileiros a pedido da Pol\u00edcia Federal, que est\u00e3o na Argentina e s\u00e3o investigados pelos eventos de 8 de janeiro. A decis\u00e3o atende a um pedido da Pol\u00edcia Federal, ampliando o cerco sobre os envolvidos nas manifesta\u00e7\u00f5es daquele dia.<\/p>\n<p>Contudo, \u00e9 necess\u00e1rio destacar que decis\u00f5es como essa s\u00e3o, por natureza, nulas. Em primeiro lugar, os manifestantes n\u00e3o possuem prerrogativa de foro, o que por si s\u00f3 j\u00e1 impede que o STF tenha jurisdi\u00e7\u00e3o sobre tais casos. Al\u00e9m disso, muitas dessas pessoas n\u00e3o tiveram acesso aos autos, ou seja, sequer foram devidamente informadas das provas contra elas, o que contraria o princ\u00edpio b\u00e1sico do devido processo legal.<\/p>\n<p>A decis\u00e3o de Moraes segue uma linha de a\u00e7\u00f5es tomadas contra os envolvidos no 8 de janeiro que s\u00e3o vistas como violadoras dos direitos fundamentais de qualquer cidad\u00e3o. Entre essas viola\u00e7\u00f5es est\u00e1 a falta de acesso aos autos do processo, o que impossibilita qualquer forma de defesa consistente. Sem o devido processo legal \u2014 que inclui o direito \u00e0 ampla defesa e ao contradit\u00f3rio \u2014, essas decis\u00f5es se tornam meramente arbitr\u00e1rias.<\/p>\n<p>O caso desses brasileiros na Argentina reflete uma invers\u00e3o de valores: em vez de serem tratados de acordo com a lei, s\u00e3o alvos de decis\u00f5es unilaterais que atropelam o processo legal.<\/p>\n<p>A pr\u00f3xima etapa \u00e9 este documento de extradi\u00e7\u00e3o chegar ao Itamaraty para iniciar negocia\u00e7\u00f5es, junto a chancelaria estrangeira.<\/p>\n<\/div>\n<p><br \/>\n<br \/><a href=\"https:\/\/paulofigueiredoshow.com\/moraes-determina-extradicao-de-63-brasileiros-da-argentina\/\">Source link <\/a><\/p>","protected":false},"excerpt":{"rendered":"<p>Em mais um epis\u00f3dio relacionado aos manifestantes de 8\/1, Moraes, determinou a extradi\u00e7\u00e3o de 63 brasileiros a pedido da Pol\u00edcia Federal, que est\u00e3o na Argentina e s\u00e3o investigados pelos eventos&hellip;<\/p>","protected":false},"author":1,"featured_media":6437,"comment_status":"closed","ping_status":"open","sticky":false,"template":"","format":"standard","meta":{"content-type":"","footnotes":""},"categories":[16],"tags":[22544,27784,425,295,2063,871],"class_list":["post-48579","post","type-post","status-publish","format-standard","has-post-thumbnail","hentry","category-noticias","tag-exilados","tag-extradicao","tag-moraes","tag-pedido","tag-pf","tag-stf"],"_links":{"self":[{"href":"https:\/\/tvbrazilusa.com\/pt\/wp-json\/wp\/v2\/posts\/48579","targetHints":{"allow":["GET"]}}],"collection":[{"href":"https:\/\/tvbrazilusa.com\/pt\/wp-json\/wp\/v2\/posts"}],"about":[{"href":"https:\/\/tvbrazilusa.com\/pt\/wp-json\/wp\/v2\/types\/post"}],"author":[{"embeddable":true,"href":"https:\/\/tvbrazilusa.com\/pt\/wp-json\/wp\/v2\/users\/1"}],"replies":[{"embeddable":true,"href":"https:\/\/tvbrazilusa.com\/pt\/wp-json\/wp\/v2\/comments?post=48579"}],"version-history":[{"count":1,"href":"https:\/\/tvbrazilusa.com\/pt\/wp-json\/wp\/v2\/posts\/48579\/revisions"}],"predecessor-version":[{"id":48580,"href":"https:\/\/tvbrazilusa.com\/pt\/wp-json\/wp\/v2\/posts\/48579\/revisions\/48580"}],"wp:featuredmedia":[{"embeddable":true,"href":"https:\/\/tvbrazilusa.com\/pt\/wp-json\/wp\/v2\/media\/6437"}],"wp:attachment":[{"href":"https:\/\/tvbrazilusa.com\/pt\/wp-json\/wp\/v2\/media?parent=48579"}],"wp:term":[{"taxonomy":"category","embeddable":true,"href":"https:\/\/tvbrazilusa.com\/pt\/wp-json\/wp\/v2\/categories?post=48579"},{"taxonomy":"post_tag","embeddable":true,"href":"https:\/\/tvbrazilusa.com\/pt\/wp-json\/wp\/v2\/tags?post=48579"}],"curies":[{"name":"wp","href":"https:\/\/api.w.org\/{rel}","templated":true}]}}