{"id":48583,"date":"2024-10-16T03:15:23","date_gmt":"2024-10-16T03:15:23","guid":{"rendered":"https:\/\/tvbrazilusa.com\/2024\/10\/16\/policial-civil-ateia-fogo-na-propria-casa\/"},"modified":"2024-10-16T03:15:25","modified_gmt":"2024-10-16T03:15:25","slug":"policial-civil-ateia-fogo-na-propria-casa","status":"publish","type":"post","link":"https:\/\/tvbrazilusa.com\/pt\/2024\/10\/16\/policial-civil-ateia-fogo-na-propria-casa\/","title":{"rendered":"Policial civil ateia fogo na pr\u00f3pria casa"},"content":{"rendered":"<p> <script async src=\"https:\/\/pagead2.googlesyndication.com\/pagead\/js\/adsbygoogle.js?client=ca-pub-8864793242727901\"\r\n     crossorigin=\"anonymous\"><\/script><br \/>\n<\/p>\n<div id=\"taboola-read-more\" style=\"display:block; width:100%\">\n<p>Um policial civil ateou fogo na pr\u00f3pria casa no Bairro Copacabana, na Regi\u00e3o Norte, de Belo Horizonte, no in\u00edcio da tarde desta ter\u00e7a-feira (15\/10).\n<\/p>\n<p>De acordo com o Corpo de Bombeiros, ningu\u00e9m ficou ferido. Informa\u00e7\u00f5es preliminares d\u00e3o conta que o homem teria tido um surto e iniciado o inc\u00eandio.<\/p>\n<p>O Batalh\u00e3o de Opera\u00e7\u00f5es Especiais (Bope) foi acionado para conter o agente. A reportagem procurou a Pol\u00edcia Civil para se posicionar sobre a ocorr\u00eancia mas at\u00e9 a publica\u00e7\u00e3o desta materia n\u00e3o obteve resposta.\n<\/p>\n<p>Fonte: Estado de Minas <\/p>\n<\/div>\n<p><br \/>\n<br \/><a href=\"https:\/\/diariodobrasilnoticias.com.br\/noticia\/policial-civil-ateia-fogo-na-propria-casa-670ef3734cec6\">Source link <\/a><\/p>","protected":false},"excerpt":{"rendered":"<p>Um policial civil ateou fogo na pr\u00f3pria casa no Bairro Copacabana, na Regi\u00e3o Norte, de Belo Horizonte, no in\u00edcio da tarde desta ter\u00e7a-feira (15\/10). De acordo com o Corpo de&hellip;<\/p>","protected":false},"author":1,"featured_media":48584,"comment_status":"closed","ping_status":"open","sticky":false,"template":"","format":"standard","meta":{"content-type":"","footnotes":""},"categories":[16],"tags":[123,2448,5313,1267],"class_list":["post-48583","post","type-post","status-publish","format-standard","has-post-thumbnail","hentry","category-noticias","tag-brasil","tag-diario","tag-noticia","tag-noticias"],"_links":{"self":[{"href":"https:\/\/tvbrazilusa.com\/pt\/wp-json\/wp\/v2\/posts\/48583","targetHints":{"allow":["GET"]}}],"collection":[{"href":"https:\/\/tvbrazilusa.com\/pt\/wp-json\/wp\/v2\/posts"}],"about":[{"href":"https:\/\/tvbrazilusa.com\/pt\/wp-json\/wp\/v2\/types\/post"}],"author":[{"embeddable":true,"href":"https:\/\/tvbrazilusa.com\/pt\/wp-json\/wp\/v2\/users\/1"}],"replies":[{"embeddable":true,"href":"https:\/\/tvbrazilusa.com\/pt\/wp-json\/wp\/v2\/comments?post=48583"}],"version-history":[{"count":1,"href":"https:\/\/tvbrazilusa.com\/pt\/wp-json\/wp\/v2\/posts\/48583\/revisions"}],"predecessor-version":[{"id":48585,"href":"https:\/\/tvbrazilusa.com\/pt\/wp-json\/wp\/v2\/posts\/48583\/revisions\/48585"}],"wp:featuredmedia":[{"embeddable":true,"href":"https:\/\/tvbrazilusa.com\/pt\/wp-json\/wp\/v2\/media\/48584"}],"wp:attachment":[{"href":"https:\/\/tvbrazilusa.com\/pt\/wp-json\/wp\/v2\/media?parent=48583"}],"wp:term":[{"taxonomy":"category","embeddable":true,"href":"https:\/\/tvbrazilusa.com\/pt\/wp-json\/wp\/v2\/categories?post=48583"},{"taxonomy":"post_tag","embeddable":true,"href":"https:\/\/tvbrazilusa.com\/pt\/wp-json\/wp\/v2\/tags?post=48583"}],"curies":[{"name":"wp","href":"https:\/\/api.w.org\/{rel}","templated":true}]}}