{"id":48607,"date":"2024-10-16T04:25:28","date_gmt":"2024-10-16T04:25:28","guid":{"rendered":"https:\/\/tvbrazilusa.com\/2024\/10\/16\/jornalistas-deixam-cuba-em-fuga-apos-o-aumento-da-repressao-com-a-nova-lei-que-proibe-a-midia-independente\/"},"modified":"2024-10-16T04:25:29","modified_gmt":"2024-10-16T04:25:29","slug":"jornalistas-deixam-cuba-em-fuga-apos-o-aumento-da-repressao-com-a-nova-lei-que-proibe-a-midia-independente","status":"publish","type":"post","link":"https:\/\/tvbrazilusa.com\/pt\/2024\/10\/16\/jornalistas-deixam-cuba-em-fuga-apos-o-aumento-da-repressao-com-a-nova-lei-que-proibe-a-midia-independente\/","title":{"rendered":"Jornalistas deixam Cuba em fuga ap\u00f3s o aumento da repress\u00e3o com a nova lei que pro\u00edbe a m\u00eddia independente"},"content":{"rendered":"<p> <script async src=\"https:\/\/pagead2.googlesyndication.com\/pagead\/js\/adsbygoogle.js?client=ca-pub-8864793242727901\"\r\n     crossorigin=\"anonymous\"><\/script><br \/>\n<\/p>\n<div id=\"taboola-read-more\" style=\"display:block; width:100%\">\n<p>Ap\u00f3s a entrada em vigor da nova lei de m\u00eddia de Cuba, no in\u00edcio de outubro, o governo aumentou a repress\u00e3o contra ve\u00edculos e jornalistas independentes.\n<\/p>\n<p>A legisla\u00e7\u00e3o \u00e9 uma resposta do governo aos protestos de julho de 2021, quando a popula\u00e7\u00e3o saiu \u00e0s ruas contra o regime cubano.<\/p>\n<p>A Lei de Comunica\u00e7\u00e3o Social, que regula a m\u00eddia do pa\u00eds desde 4 de outubro, determina que todos os ve\u00edculos de imprensa, incluindo ag\u00eancias de not\u00edcias, r\u00e1dio, televis\u00e3o e m\u00eddias impressa e digital \u201cs\u00e3o propriedade socialista de todo o povo ou de organiza\u00e7\u00f5es pol\u00edticas, de massa e sociais, e n\u00e3o podem estar sob nenhum outro tipo de propriedade\u201d.\n<\/p>\n<p>O Comit\u00ea para a Prote\u00e7\u00e3o dos Jornalistas (CPJ) denuncia que ao menos oito jornalistas foram intimados e interrogados sobre suas atividades no pa\u00eds. Para tentar escapar do ass\u00e9dio, muitos profissionais est\u00e3o deixando a ilha e noticiando do ex\u00edlio a situa\u00e7\u00e3o de Cuba.\n<\/p>\n<p><strong>Sob nova lei de m\u00eddia, jornalistas de Cuba seriam \u2018mercen\u00e1rios\u2019<\/strong><br \/>Nas \u00faltimas semanas, profissionais de imprensa independentes foram interrogados por autoridades que investigam \u201catividades mercen\u00e1rias\u201d.\n<\/p>\n<p>Segundo o site cubano El Toque, que opera do ex\u00edlio, os jornalistas foram questionados sobre financiamento estrangeiro, o que viola a lei de m\u00eddia do pa\u00eds. A pena para esse crime \u00e9 de 4 a 10 anos de pris\u00e3o.\n<\/p>\n<p>O CPJ confirmou que ao menos oito profissionais foram interrogados e dezenas de outros s\u00e3o investigados.\n<\/p>\n<p>Jorge Fernandez Era, colunista do El Toque, teve que prestar dois depoimentos, de uma hora cada, sobre o seu trabalho e disse que as autoridades \u201cexpressaram preocupa\u00e7\u00e3o\u201d sobre seus textos.\n<\/p>\n<p>A rep\u00f3rter freelancer Maria Lucia Exposito usou as redes sociais de um colega para denunciar que teve seu celular e mil d\u00f3lares confiscados pelas autoridades, que a interrogaram por mais de 6 horas.\n<\/p>\n<p>J\u00e1 a freelancer Katia Sanchez, que colaborou com El Toque e a ONG SembraMedia, foi interrogada por representantes do Minist\u00e9rio do Interior ap\u00f3s receber uma bolsa da embaixada dos Estados Unidos. Ao CPJ, ela informou que deixou Cuba em 13 de setembro.\n<\/p>\n<p>Policiais \u00e0 paisana e jornalistas instados a admitir \u2018atos subversivos\u2019<br \/>V\u00e1rios jornalistas interrogados trabalham para ve\u00edculos cubanos que operam foram do pa\u00eds, como Periodismo de Barrio, Cubanet, Magazine AMPM e Palenque Vision.\n<\/p>\n<p>Os profissionais e ve\u00edculos foram considerados subsidiados por financiamento de governos estrangeiros, o que viola o Artigo 143 do c\u00f3digo penal cubano, alegaram autoridades do governo ao CPJ.\n<\/p>\n<p>Profissionais tamb\u00e9m foram coagidos a confessarem \u201catos subversivos\u201d sob amea\u00e7a de processos criminais. Alguns deles foram interrogados policiais \u00e0 paisana fora de delegacias ou outros locais oficiais do estado.\n<\/p>\n<p>Jornalistas ainda denunciaram que foram \u201calertados\u201d por policiais para que n\u00e3o trabalhassem em ve\u00edculos fora da m\u00eddia estatal oficial e de que cometiam crimes ao participarem de programas de treinamentos e financiamentos estrangeiros.\n<\/p>\n<p>Um dos profissionais relatou ao CPJ que foi pressionado a se tornar um informante para denunciar m\u00eddias independentes e, em troca, ele poderia trabalhar livremente.\n<\/p>\n<p>Segundo o El Toque, ao menos 150 jornalistas cubanos trabalham exilados para fugir do ass\u00e9dio do governo cubano.\n<\/p>\n<p>\u201cO governo cubano parece estar envolvido em uma campanha de ass\u00e9dio e intimida\u00e7\u00e3o contra a m\u00eddia n\u00e3o estatal do pa\u00eds para for\u00e7\u00e1-los ao sil\u00eancio ou ao ex\u00edlio\u201d, disse Katherine Jacobsen, coordenadora do CPJ.\n<\/p>\n<p>\u201cO Comit\u00ea pede \u00e0s autoridades cubanas que respeitem os direitos dos jornalistas de se expressarem livremente e de reportarem as not\u00edcias.\u201d\n<\/p>\n<p>Deu em MidiaTalks\n<\/p>\n<p>Fonte: Fator RRH <\/p>\n<\/div>\n<p><br \/>\n<br \/><a href=\"https:\/\/diariodobrasilnoticias.com.br\/noticia\/jornalistas-deixam-cuba-em-fuga-apos-o-aumento-da-repressao-com-a-nova-lei-que-proibe-a-midia-independente-670f037ef2d8e\">Source link <\/a><\/p>","protected":false},"excerpt":{"rendered":"<p>Ap\u00f3s a entrada em vigor da nova lei de m\u00eddia de Cuba, no in\u00edcio de outubro, o governo aumentou a repress\u00e3o contra ve\u00edculos e jornalistas independentes. A legisla\u00e7\u00e3o \u00e9 uma&hellip;<\/p>","protected":false},"author":1,"featured_media":48608,"comment_status":"closed","ping_status":"open","sticky":false,"template":"","format":"standard","meta":{"content-type":"","footnotes":""},"categories":[16],"tags":[123,2448,5313,1267],"class_list":["post-48607","post","type-post","status-publish","format-standard","has-post-thumbnail","hentry","category-noticias","tag-brasil","tag-diario","tag-noticia","tag-noticias"],"_links":{"self":[{"href":"https:\/\/tvbrazilusa.com\/pt\/wp-json\/wp\/v2\/posts\/48607","targetHints":{"allow":["GET"]}}],"collection":[{"href":"https:\/\/tvbrazilusa.com\/pt\/wp-json\/wp\/v2\/posts"}],"about":[{"href":"https:\/\/tvbrazilusa.com\/pt\/wp-json\/wp\/v2\/types\/post"}],"author":[{"embeddable":true,"href":"https:\/\/tvbrazilusa.com\/pt\/wp-json\/wp\/v2\/users\/1"}],"replies":[{"embeddable":true,"href":"https:\/\/tvbrazilusa.com\/pt\/wp-json\/wp\/v2\/comments?post=48607"}],"version-history":[{"count":1,"href":"https:\/\/tvbrazilusa.com\/pt\/wp-json\/wp\/v2\/posts\/48607\/revisions"}],"predecessor-version":[{"id":48609,"href":"https:\/\/tvbrazilusa.com\/pt\/wp-json\/wp\/v2\/posts\/48607\/revisions\/48609"}],"wp:featuredmedia":[{"embeddable":true,"href":"https:\/\/tvbrazilusa.com\/pt\/wp-json\/wp\/v2\/media\/48608"}],"wp:attachment":[{"href":"https:\/\/tvbrazilusa.com\/pt\/wp-json\/wp\/v2\/media?parent=48607"}],"wp:term":[{"taxonomy":"category","embeddable":true,"href":"https:\/\/tvbrazilusa.com\/pt\/wp-json\/wp\/v2\/categories?post=48607"},{"taxonomy":"post_tag","embeddable":true,"href":"https:\/\/tvbrazilusa.com\/pt\/wp-json\/wp\/v2\/tags?post=48607"}],"curies":[{"name":"wp","href":"https:\/\/api.w.org\/{rel}","templated":true}]}}